{"id":4990,"date":"2021-11-30T20:01:22","date_gmt":"2021-11-30T19:01:22","guid":{"rendered":"https:\/\/agora.xtec.cat\/zer-pedrera\/?p=4990"},"modified":"2021-11-30T20:07:21","modified_gmt":"2021-11-30T19:07:21","slug":"lescola-porcel-de-cervera-visita-la-cooperativa-de-loli","status":"publish","type":"post","link":"https:\/\/agora.xtec.cat\/zer-pedrera\/general\/lescola-porcel-de-cervera-visita-la-cooperativa-de-loli\/","title":{"rendered":"L&#8217;escola Porcel de Cervera visita la Cooperativa de l&#8217;oli."},"content":{"rendered":"<p>El divendres, dia 26 de novembre, vam anar a la cooperativa de l&#8217;oli del nostre poble.<\/p>\n<p>Va ser una visita molt interessant on l&#8217;Eduard ens va explicar tot el proc\u00e9s que han de passar les olives fins a obtenir aquest oli tan bo que tant ens agrada!<\/p>\n<p>Sabeu que de l&#8217;oli de les olives en diuen &#8220;l&#8217;or negre&#8221;? Aix\u00f2 \u00e9s aix\u00ed perqu\u00e8 \u00e9s molt benefici\u00f3s per la salut.<\/p>\n<p>Ah, i abans de marxar, ens van regalar una ampolleta d&#8217;oli del raig!! Ummm qu\u00e8 bo!!!<\/p>\n<p><a href=\"https:\/\/photos.app.goo.gl\/CVZYk9AVrMSUhkt99\">AQU\u00cd<\/a> us deixem unes fotos de la visita.<\/p>\n","protected":false},"excerpt":{"rendered":"<p>El divendres, dia 26 de novembre, vam anar a la cooperativa de l&#8217;oli del nostre poble.<br \/>\nVa ser una visita molt interessant on l&#8217;Eduard ens va explicar tot el proc\u00e9s que han de passar les olives fins a obtenir aquest oli tan bo que tant ens&hellip;  <a href=\"https:\/\/agora.xtec.cat\/zer-pedrera\/general\/lescola-porcel-de-cervera-visita-la-cooperativa-de-loli\/\" title=\"Read L&#8217;escola Porcel de Cervera visita la Cooperativa de l&#8217;oli.\">Llegeix m\u00e9s\u00bb<\/a><\/p>\n","protected":false},"author":1,"featured_media":4992,"comment_status":"open","ping_status":"closed","sticky":false,"template":"","format":"standard","meta":{"_bbp_topic_count":0,"_bbp_reply_count":0,"_bbp_total_topic_count":0,"_bbp_total_reply_count":0,"_bbp_voice_count":0,"_bbp_anonymous_reply_count":0,"_bbp_topic_count_hidden":0,"_bbp_reply_count_hidden":0,"_bbp_forum_subforum_count":0,"footnotes":""},"categories":[113,111,1,29,89],"tags":[],"class_list":["post-4990","post","type-post","status-publish","format-standard","has-post-thumbnail","hentry","category-e-infantil","category-escola-porcel-de-cervera","category-general","category-portada","category-primaria"],"post_mailing_queue_ids":[],"_links":{"self":[{"href":"https:\/\/agora.xtec.cat\/zer-pedrera\/wp-json\/wp\/v2\/posts\/4990","targetHints":{"allow":["GET"]}}],"collection":[{"href":"https:\/\/agora.xtec.cat\/zer-pedrera\/wp-json\/wp\/v2\/posts"}],"about":[{"href":"https:\/\/agora.xtec.cat\/zer-pedrera\/wp-json\/wp\/v2\/types\/post"}],"author":[{"embeddable":true,"href":"https:\/\/agora.xtec.cat\/zer-pedrera\/wp-json\/wp\/v2\/users\/1"}],"replies":[{"embeddable":true,"href":"https:\/\/agora.xtec.cat\/zer-pedrera\/wp-json\/wp\/v2\/comments?post=4990"}],"version-history":[{"count":3,"href":"https:\/\/agora.xtec.cat\/zer-pedrera\/wp-json\/wp\/v2\/posts\/4990\/revisions"}],"predecessor-version":[{"id":4998,"href":"https:\/\/agora.xtec.cat\/zer-pedrera\/wp-json\/wp\/v2\/posts\/4990\/revisions\/4998"}],"wp:featuredmedia":[{"embeddable":true,"href":"https:\/\/agora.xtec.cat\/zer-pedrera\/wp-json\/wp\/v2\/media\/4992"}],"wp:attachment":[{"href":"https:\/\/agora.xtec.cat\/zer-pedrera\/wp-json\/wp\/v2\/media?parent=4990"}],"wp:term":[{"taxonomy":"category","embeddable":true,"href":"https:\/\/agora.xtec.cat\/zer-pedrera\/wp-json\/wp\/v2\/categories?post=4990"},{"taxonomy":"post_tag","embeddable":true,"href":"https:\/\/agora.xtec.cat\/zer-pedrera\/wp-json\/wp\/v2\/tags?post=4990"}],"curies":[{"name":"wp","href":"https:\/\/api.w.org\/{rel}","templated":true}]}}