{"id":4984,"date":"2021-11-29T20:32:16","date_gmt":"2021-11-29T19:32:16","guid":{"rendered":"https:\/\/agora.xtec.cat\/zer-pedrera\/?p=4984"},"modified":"2021-12-10T12:25:35","modified_gmt":"2021-12-10T11:25:35","slug":"zer-la-pedrera-el-viatge-den-gustav","status":"publish","type":"post","link":"https:\/\/agora.xtec.cat\/zer-pedrera\/general\/zer-la-pedrera-el-viatge-den-gustav\/","title":{"rendered":"ZER LA PEDRERA. EL VIATGE D&#8217;EN GUSTAV"},"content":{"rendered":"<p>Avui aquest mat\u00ed han vingut a les nostres escoles l\u2019Orquestra Simf\u00f2nica Juli\u00e0 Carbonell de les Terres de Lleida. L&#8217;obra que han pogut gaudir els alumnes ha estat\u00a0\u201cEl viatge d\u2019en Gustav\u201d. Ha estat un concert espectacle que ha combinat m\u00fasica, moviment, cant i percussi\u00f3. Els m\u00fasics han interactuat amb els nens i nenes fent-los participar cantant, picant i fregant de mans, ballant, etc. Al final de l\u2019activitat, els alumnes han tingut la possibilitat de fer un petit tast amb instruments de veritat: violins, claus, panderos, cascavells&#8230;<\/p>\n<p><img loading=\"lazy\" decoding=\"async\" class=\"aligncenter size-full wp-image-4985\" src=\"https:\/\/agora.xtec.cat\/zer-pedrera\/wp-content\/uploads\/usu1473\/2021\/11\/kZGoB-d-_400x400.jpg\" alt=\"\" width=\"400\" height=\"400\" srcset=\"https:\/\/agora.xtec.cat\/zer-pedrera\/wp-content\/uploads\/usu1473\/2021\/11\/kZGoB-d-_400x400.jpg 400w, https:\/\/agora.xtec.cat\/zer-pedrera\/wp-content\/uploads\/usu1473\/2021\/11\/kZGoB-d-_400x400-300x300.jpg 300w, https:\/\/agora.xtec.cat\/zer-pedrera\/wp-content\/uploads\/usu1473\/2021\/11\/kZGoB-d-_400x400-150x150.jpg 150w\" sizes=\"auto, (max-width: 400px) 100vw, 400px\" \/><\/p>\n<p>Per veure les fotografies de l&#8217;Escola Porcel de Cervera clicar <a href=\"https:\/\/photos.app.goo.gl\/GeK1obwd193wzBG16\" target=\"_blank\" rel=\"noopener\">AQU\u00cd<\/a><\/p>\n<p>Per veure les fotografies de l&#8217;Escola Abat Ruera clicar <a href=\"https:\/\/photos.app.goo.gl\/5WJgP9FBmFm91do88\" target=\"_blank\" rel=\"noopener\">AQU\u00cd<\/a><\/p>\n","protected":false},"excerpt":{"rendered":"<p>Avui aquest mat\u00ed han vingut a les nostres escoles l\u2019Orquestra Simf\u00f2nica Juli\u00e0 Carbonell de les Terres de Lleida. L&#8217;obra que han pogut gaudir els alumnes ha estat\u00a0\u201cEl viatge d\u2019en Gustav\u201d. Ha estat un concert espectacle que ha combinat m\u00fasica, moviment, cant i percussi\u00f3. Els m\u00fasics&hellip;  <a href=\"https:\/\/agora.xtec.cat\/zer-pedrera\/general\/zer-la-pedrera-el-viatge-den-gustav\/\" title=\"Read ZER LA PEDRERA. EL VIATGE D&#8217;EN GUSTAV\">Llegeix m\u00e9s\u00bb<\/a><\/p>\n","protected":false},"author":1,"featured_media":4985,"comment_status":"open","ping_status":"closed","sticky":false,"template":"","format":"standard","meta":{"_bbp_topic_count":0,"_bbp_reply_count":0,"_bbp_total_topic_count":0,"_bbp_total_reply_count":0,"_bbp_voice_count":0,"_bbp_anonymous_reply_count":0,"_bbp_topic_count_hidden":0,"_bbp_reply_count_hidden":0,"_bbp_forum_subforum_count":0,"footnotes":""},"categories":[110,111,1,29,89],"tags":[],"class_list":["post-4984","post","type-post","status-publish","format-standard","has-post-thumbnail","hentry","category-escola-abat-ruera","category-escola-porcel-de-cervera","category-general","category-portada","category-primaria"],"post_mailing_queue_ids":[],"_links":{"self":[{"href":"https:\/\/agora.xtec.cat\/zer-pedrera\/wp-json\/wp\/v2\/posts\/4984","targetHints":{"allow":["GET"]}}],"collection":[{"href":"https:\/\/agora.xtec.cat\/zer-pedrera\/wp-json\/wp\/v2\/posts"}],"about":[{"href":"https:\/\/agora.xtec.cat\/zer-pedrera\/wp-json\/wp\/v2\/types\/post"}],"author":[{"embeddable":true,"href":"https:\/\/agora.xtec.cat\/zer-pedrera\/wp-json\/wp\/v2\/users\/1"}],"replies":[{"embeddable":true,"href":"https:\/\/agora.xtec.cat\/zer-pedrera\/wp-json\/wp\/v2\/comments?post=4984"}],"version-history":[{"count":3,"href":"https:\/\/agora.xtec.cat\/zer-pedrera\/wp-json\/wp\/v2\/posts\/4984\/revisions"}],"predecessor-version":[{"id":5023,"href":"https:\/\/agora.xtec.cat\/zer-pedrera\/wp-json\/wp\/v2\/posts\/4984\/revisions\/5023"}],"wp:featuredmedia":[{"embeddable":true,"href":"https:\/\/agora.xtec.cat\/zer-pedrera\/wp-json\/wp\/v2\/media\/4985"}],"wp:attachment":[{"href":"https:\/\/agora.xtec.cat\/zer-pedrera\/wp-json\/wp\/v2\/media?parent=4984"}],"wp:term":[{"taxonomy":"category","embeddable":true,"href":"https:\/\/agora.xtec.cat\/zer-pedrera\/wp-json\/wp\/v2\/categories?post=4984"},{"taxonomy":"post_tag","embeddable":true,"href":"https:\/\/agora.xtec.cat\/zer-pedrera\/wp-json\/wp\/v2\/tags?post=4984"}],"curies":[{"name":"wp","href":"https:\/\/api.w.org\/{rel}","templated":true}]}}