{"id":4977,"date":"2021-11-26T14:03:44","date_gmt":"2021-11-26T13:03:44","guid":{"rendered":"https:\/\/agora.xtec.cat\/zer-pedrera\/?p=4977"},"modified":"2021-11-26T14:06:16","modified_gmt":"2021-11-26T13:06:16","slug":"audicio-musical-a-carrec-de-lorquestra-simfonica-julia-carbonell","status":"publish","type":"post","link":"https:\/\/agora.xtec.cat\/zer-pedrera\/portada\/audicio-musical-a-carrec-de-lorquestra-simfonica-julia-carbonell\/","title":{"rendered":"Audici\u00f3 m\u00fasical a c\u00e0rrec de l&#8217;Orquestra Simf\u00f2nica Juli\u00e0 Carbonell."},"content":{"rendered":"<p>El dilluns dia 29 de novembre rebrem la visita de dos int\u00e8rprets de l&#8217;OJC de les Terrers de Lleida que ens oferiran una audici\u00f3 musical. Esperem gaudir-ne molt!!!!<img loading=\"lazy\" decoding=\"async\" class=\"aligncenter wp-image-4978\" src=\"https:\/\/agora.xtec.cat\/zer-pedrera\/wp-content\/uploads\/usu1473\/2021\/11\/Cartell.jpg\" alt=\"\" width=\"427\" height=\"623\" srcset=\"https:\/\/agora.xtec.cat\/zer-pedrera\/wp-content\/uploads\/usu1473\/2021\/11\/Cartell.jpg 511w, https:\/\/agora.xtec.cat\/zer-pedrera\/wp-content\/uploads\/usu1473\/2021\/11\/Cartell-205x300.jpg 205w\" sizes=\"auto, (max-width: 427px) 100vw, 427px\" \/><\/p>\n","protected":false},"excerpt":{"rendered":"<p>El dilluns dia 29 de novembre rebrem la visita de dos int\u00e8rprets de l&#8217;OJC de les Terrers de Lleida que ens oferiran una audici\u00f3 musical. Esperem gaudir-ne molt!!!!<\/p>\n","protected":false},"author":1,"featured_media":4978,"comment_status":"open","ping_status":"closed","sticky":false,"template":"","format":"standard","meta":{"_bbp_topic_count":0,"_bbp_reply_count":0,"_bbp_total_topic_count":0,"_bbp_total_reply_count":0,"_bbp_voice_count":0,"_bbp_anonymous_reply_count":0,"_bbp_topic_count_hidden":0,"_bbp_reply_count_hidden":0,"_bbp_forum_subforum_count":0,"footnotes":""},"categories":[113,111,118,29,89],"tags":[],"class_list":["post-4977","post","type-post","status-publish","format-standard","has-post-thumbnail","hentry","category-e-infantil","category-escola-porcel-de-cervera","category-musica-2","category-portada","category-primaria"],"post_mailing_queue_ids":[],"_links":{"self":[{"href":"https:\/\/agora.xtec.cat\/zer-pedrera\/wp-json\/wp\/v2\/posts\/4977","targetHints":{"allow":["GET"]}}],"collection":[{"href":"https:\/\/agora.xtec.cat\/zer-pedrera\/wp-json\/wp\/v2\/posts"}],"about":[{"href":"https:\/\/agora.xtec.cat\/zer-pedrera\/wp-json\/wp\/v2\/types\/post"}],"author":[{"embeddable":true,"href":"https:\/\/agora.xtec.cat\/zer-pedrera\/wp-json\/wp\/v2\/users\/1"}],"replies":[{"embeddable":true,"href":"https:\/\/agora.xtec.cat\/zer-pedrera\/wp-json\/wp\/v2\/comments?post=4977"}],"version-history":[{"count":2,"href":"https:\/\/agora.xtec.cat\/zer-pedrera\/wp-json\/wp\/v2\/posts\/4977\/revisions"}],"predecessor-version":[{"id":4983,"href":"https:\/\/agora.xtec.cat\/zer-pedrera\/wp-json\/wp\/v2\/posts\/4977\/revisions\/4983"}],"wp:featuredmedia":[{"embeddable":true,"href":"https:\/\/agora.xtec.cat\/zer-pedrera\/wp-json\/wp\/v2\/media\/4978"}],"wp:attachment":[{"href":"https:\/\/agora.xtec.cat\/zer-pedrera\/wp-json\/wp\/v2\/media?parent=4977"}],"wp:term":[{"taxonomy":"category","embeddable":true,"href":"https:\/\/agora.xtec.cat\/zer-pedrera\/wp-json\/wp\/v2\/categories?post=4977"},{"taxonomy":"post_tag","embeddable":true,"href":"https:\/\/agora.xtec.cat\/zer-pedrera\/wp-json\/wp\/v2\/tags?post=4977"}],"curies":[{"name":"wp","href":"https:\/\/api.w.org\/{rel}","templated":true}]}}