{"id":4962,"date":"2021-11-23T18:19:34","date_gmt":"2021-11-23T17:19:34","guid":{"rendered":"https:\/\/agora.xtec.cat\/zer-pedrera\/?p=4962"},"modified":"2022-01-16T21:53:17","modified_gmt":"2022-01-16T20:53:17","slug":"ei-de-lescola-abat-ruera-quadre-de-tardor","status":"publish","type":"post","link":"https:\/\/agora.xtec.cat\/zer-pedrera\/general\/ei-de-lescola-abat-ruera-quadre-de-tardor\/","title":{"rendered":"EI de l&#8217;Escola Abat Ruera. Quadre de tardor"},"content":{"rendered":"<p>Els alumnes d&#8217;Educaci\u00f3 Infantil han utilitzat diferents t\u00e8cniques pl\u00e0stiques per fer la seva &#8220;obra d&#8217;art&#8221;. El fons ha estat estampat amb esponges plenes de pintura i amb colors de la tardor, la castanyera ha estat pintada amb colors i retoladors i el seu davantalet fet de roba (punxat i enganxat) i per finalitzar, les castanyes fetes amb goma-eva.<\/p>\n<p>Cliqueu damunt de la imatge i veure m\u00e9s fotografies!<\/p>\n<p>&nbsp;<\/p>\n<p><a href=\"https:\/\/photos.app.goo.gl\/iQ8B2oGsjvweKRex5\" target=\"_blank\" rel=\"noopener\"><img loading=\"lazy\" decoding=\"async\" class=\"aligncenter size-full wp-image-4963\" src=\"https:\/\/agora.xtec.cat\/zer-pedrera\/wp-content\/uploads\/usu1473\/2021\/11\/1637676852313.jpg\" alt=\"\" width=\"613\" height=\"427\" srcset=\"https:\/\/agora.xtec.cat\/zer-pedrera\/wp-content\/uploads\/usu1473\/2021\/11\/1637676852313.jpg 613w, https:\/\/agora.xtec.cat\/zer-pedrera\/wp-content\/uploads\/usu1473\/2021\/11\/1637676852313-300x209.jpg 300w\" sizes=\"auto, (max-width: 613px) 100vw, 613px\" \/><\/a><\/p>\n","protected":false},"excerpt":{"rendered":"<p>Els alumnes d&#8217;Educaci\u00f3 Infantil han utilitzat diferents t\u00e8cniques pl\u00e0stiques per fer la seva &#8220;obra d&#8217;art&#8221;. El fons ha estat estampat amb esponges plenes de pintura i amb colors de la tardor, la castanyera ha estat pintada amb colors i retoladors i el seu davantalet fet&hellip;  <a href=\"https:\/\/agora.xtec.cat\/zer-pedrera\/general\/ei-de-lescola-abat-ruera-quadre-de-tardor\/\" title=\"Read EI de l&#8217;Escola Abat Ruera. Quadre de tardor\">Llegeix m\u00e9s\u00bb<\/a><\/p>\n","protected":false},"author":1,"featured_media":4963,"comment_status":"open","ping_status":"closed","sticky":false,"template":"","format":"standard","meta":{"_bbp_topic_count":0,"_bbp_reply_count":0,"_bbp_total_topic_count":0,"_bbp_total_reply_count":0,"_bbp_voice_count":0,"_bbp_anonymous_reply_count":0,"_bbp_topic_count_hidden":0,"_bbp_reply_count_hidden":0,"_bbp_forum_subforum_count":0,"footnotes":""},"categories":[113,110,1,29,89],"tags":[],"class_list":["post-4962","post","type-post","status-publish","format-standard","has-post-thumbnail","hentry","category-e-infantil","category-escola-abat-ruera","category-general","category-portada","category-primaria"],"post_mailing_queue_ids":[],"_links":{"self":[{"href":"https:\/\/agora.xtec.cat\/zer-pedrera\/wp-json\/wp\/v2\/posts\/4962","targetHints":{"allow":["GET"]}}],"collection":[{"href":"https:\/\/agora.xtec.cat\/zer-pedrera\/wp-json\/wp\/v2\/posts"}],"about":[{"href":"https:\/\/agora.xtec.cat\/zer-pedrera\/wp-json\/wp\/v2\/types\/post"}],"author":[{"embeddable":true,"href":"https:\/\/agora.xtec.cat\/zer-pedrera\/wp-json\/wp\/v2\/users\/1"}],"replies":[{"embeddable":true,"href":"https:\/\/agora.xtec.cat\/zer-pedrera\/wp-json\/wp\/v2\/comments?post=4962"}],"version-history":[{"count":2,"href":"https:\/\/agora.xtec.cat\/zer-pedrera\/wp-json\/wp\/v2\/posts\/4962\/revisions"}],"predecessor-version":[{"id":5001,"href":"https:\/\/agora.xtec.cat\/zer-pedrera\/wp-json\/wp\/v2\/posts\/4962\/revisions\/5001"}],"wp:featuredmedia":[{"embeddable":true,"href":"https:\/\/agora.xtec.cat\/zer-pedrera\/wp-json\/wp\/v2\/media\/4963"}],"wp:attachment":[{"href":"https:\/\/agora.xtec.cat\/zer-pedrera\/wp-json\/wp\/v2\/media?parent=4962"}],"wp:term":[{"taxonomy":"category","embeddable":true,"href":"https:\/\/agora.xtec.cat\/zer-pedrera\/wp-json\/wp\/v2\/categories?post=4962"},{"taxonomy":"post_tag","embeddable":true,"href":"https:\/\/agora.xtec.cat\/zer-pedrera\/wp-json\/wp\/v2\/tags?post=4962"}],"curies":[{"name":"wp","href":"https:\/\/api.w.org\/{rel}","templated":true}]}}