{"id":4886,"date":"2021-11-16T17:55:05","date_gmt":"2021-11-16T16:55:05","guid":{"rendered":"https:\/\/agora.xtec.cat\/zer-pedrera\/?p=4886"},"modified":"2022-01-16T21:54:32","modified_gmt":"2022-01-16T20:54:32","slug":"ei-de-lescola-abat-ruera-les-fulles","status":"publish","type":"post","link":"https:\/\/agora.xtec.cat\/zer-pedrera\/general\/ei-de-lescola-abat-ruera-les-fulles\/","title":{"rendered":"EI de l&#8217;Escola Abat Ruera. Les fulles"},"content":{"rendered":"<p>Estem a la tardor i una de les caracter\u00edstiques d&#8217;aquesta estaci\u00f3 \u00e9s que molts arbres perden les seves fulles. Un fet que passa cada any, s&#8217;ha convertit en una activitat d&#8217;experimentaci\u00f3 pels alumnes m\u00e9s petits\/es de la nostra escola. Han jugat, tocat, llan\u00e7at i trepitjat les fulles dels arbres del nostre pati. S&#8217;ho han passat d&#8217;all\u00f2 m\u00e9s b\u00e9.<\/p>\n<div>Cliqueu damunt de la imatge per veure m\u00e9s fotografies!<\/div>\n<div><\/div>\n<div><\/div>\n<div><a href=\"https:\/\/photos.app.goo.gl\/eQfiQN1rfXSstr5S8\" target=\"_blank\" rel=\"noopener\"><img loading=\"lazy\" decoding=\"async\" class=\"aligncenter size-full wp-image-4887\" src=\"https:\/\/agora.xtec.cat\/zer-pedrera\/wp-content\/uploads\/usu1473\/2021\/11\/1635533105970-mini.jpg\" alt=\"\" width=\"682\" height=\"383\" srcset=\"https:\/\/agora.xtec.cat\/zer-pedrera\/wp-content\/uploads\/usu1473\/2021\/11\/1635533105970-mini.jpg 682w, https:\/\/agora.xtec.cat\/zer-pedrera\/wp-content\/uploads\/usu1473\/2021\/11\/1635533105970-mini-300x168.jpg 300w\" sizes=\"auto, (max-width: 682px) 100vw, 682px\" \/><\/a><\/div>\n","protected":false},"excerpt":{"rendered":"<p>Estem a la tardor i una de les caracter\u00edstiques d&#8217;aquesta estaci\u00f3 \u00e9s que molts arbres perden les seves fulles. Un fet que passa cada any, s&#8217;ha convertit en una activitat d&#8217;experimentaci\u00f3 pels alumnes m\u00e9s petits\/es de la nostra escola. Han jugat, tocat, llan\u00e7at i trepitjat&hellip;  <a href=\"https:\/\/agora.xtec.cat\/zer-pedrera\/general\/ei-de-lescola-abat-ruera-les-fulles\/\" title=\"Read EI de l&#8217;Escola Abat Ruera. Les fulles\">Llegeix m\u00e9s\u00bb<\/a><\/p>\n","protected":false},"author":1,"featured_media":4887,"comment_status":"open","ping_status":"closed","sticky":false,"template":"","format":"standard","meta":{"_bbp_topic_count":0,"_bbp_reply_count":0,"_bbp_total_topic_count":0,"_bbp_total_reply_count":0,"_bbp_voice_count":0,"_bbp_anonymous_reply_count":0,"_bbp_topic_count_hidden":0,"_bbp_reply_count_hidden":0,"_bbp_forum_subforum_count":0,"footnotes":""},"categories":[113,110,1,29,89],"tags":[],"class_list":["post-4886","post","type-post","status-publish","format-standard","has-post-thumbnail","hentry","category-e-infantil","category-escola-abat-ruera","category-general","category-portada","category-primaria"],"post_mailing_queue_ids":[],"_links":{"self":[{"href":"https:\/\/agora.xtec.cat\/zer-pedrera\/wp-json\/wp\/v2\/posts\/4886","targetHints":{"allow":["GET"]}}],"collection":[{"href":"https:\/\/agora.xtec.cat\/zer-pedrera\/wp-json\/wp\/v2\/posts"}],"about":[{"href":"https:\/\/agora.xtec.cat\/zer-pedrera\/wp-json\/wp\/v2\/types\/post"}],"author":[{"embeddable":true,"href":"https:\/\/agora.xtec.cat\/zer-pedrera\/wp-json\/wp\/v2\/users\/1"}],"replies":[{"embeddable":true,"href":"https:\/\/agora.xtec.cat\/zer-pedrera\/wp-json\/wp\/v2\/comments?post=4886"}],"version-history":[{"count":3,"href":"https:\/\/agora.xtec.cat\/zer-pedrera\/wp-json\/wp\/v2\/posts\/4886\/revisions"}],"predecessor-version":[{"id":5083,"href":"https:\/\/agora.xtec.cat\/zer-pedrera\/wp-json\/wp\/v2\/posts\/4886\/revisions\/5083"}],"wp:featuredmedia":[{"embeddable":true,"href":"https:\/\/agora.xtec.cat\/zer-pedrera\/wp-json\/wp\/v2\/media\/4887"}],"wp:attachment":[{"href":"https:\/\/agora.xtec.cat\/zer-pedrera\/wp-json\/wp\/v2\/media?parent=4886"}],"wp:term":[{"taxonomy":"category","embeddable":true,"href":"https:\/\/agora.xtec.cat\/zer-pedrera\/wp-json\/wp\/v2\/categories?post=4886"},{"taxonomy":"post_tag","embeddable":true,"href":"https:\/\/agora.xtec.cat\/zer-pedrera\/wp-json\/wp\/v2\/tags?post=4886"}],"curies":[{"name":"wp","href":"https:\/\/api.w.org\/{rel}","templated":true}]}}