{"id":4876,"date":"2021-11-13T18:20:59","date_gmt":"2021-11-13T17:20:59","guid":{"rendered":"https:\/\/agora.xtec.cat\/zer-pedrera\/?p=4876"},"modified":"2021-11-13T18:23:53","modified_gmt":"2021-11-13T17:23:53","slug":"jornada-mediambiental-porcel-de-cervera","status":"publish","type":"post","link":"https:\/\/agora.xtec.cat\/zer-pedrera\/general\/jornada-mediambiental-porcel-de-cervera\/","title":{"rendered":"Jornada Mediambiental-escola Porcel de Cervera. Un dia molt &#8220;xulo&#8221;!"},"content":{"rendered":"<p>&nbsp;<\/p>\n<p>La jornada dedicada al treball del medi ambient del dia 12 de novembre va estar plena d\u2019activitats a l\u2019aire lliure gaudint del privilegiat entorn que tenim i aprenent de la natura.<\/p>\n<p>Vam observar com l\u2019ornit\u00f2leg Sergi Sales feia l\u2019anellament i el registre de les caracter\u00edstiques, de cada un dels ocells que pr\u00e8viament havia atrapat amb les xarxes i despr\u00e9s cada alumne va poder alliberar-ne un.<\/p>\n<p>Ens va ploure i vam haver de tornar a l\u2019escola on vam construir caixes nius per penjar als arbres del pati.<\/p>\n<p>A la tarda vam plantar: enciams de diferents tipus, alls, cols, br\u00f2quil, espinacs, bledes, carxofes i cebes. Vam omplir tot l\u2019hort!!<\/p>\n<p>Despr\u00e9s, i per acabar el dia, vam tenir sorpreses que ens van agradar molt. Vam veure un lloro, que parla!, \u00a0i ens va fer molta gr\u00e0cia observar-lo trencar closques de festucs i cacauets. Tamb\u00e9 vam poder agafar i tocar una tortuga i &#8230; no es van acabar aqu\u00ed les sorpreses perqu\u00e8 ens van arribar dos animalets que haurem de cuidar i alimentar: dos pollets, un de plomes negres i l\u2019altre de color groc!!<\/p>\n<p>Va ser un dia rod\u00f3. <a href=\"https:\/\/photos.app.goo.gl\/akQx2ookANK2XxKU6\">AQU\u00cd<\/a> us deixem les fotos que vam fer.<\/p>\n","protected":false},"excerpt":{"rendered":"<p>&nbsp;<br \/>\nLa jornada dedicada al treball del medi ambient del dia 12 de novembre va estar plena d\u2019activitats a l\u2019aire lliure gaudint del privilegiat entorn que tenim i aprenent de la natura.<br \/>\nVam observar com l\u2019ornit\u00f2leg Sergi Sales feia l\u2019anellament i el registre de les caracter\u00edstiques, de&hellip;  <a href=\"https:\/\/agora.xtec.cat\/zer-pedrera\/general\/jornada-mediambiental-porcel-de-cervera\/\" title=\"Read Jornada Mediambiental-escola Porcel de Cervera. Un dia molt &#8220;xulo&#8221;!\">Llegeix m\u00e9s\u00bb<\/a><\/p>\n","protected":false},"author":1,"featured_media":4877,"comment_status":"open","ping_status":"closed","sticky":false,"template":"","format":"standard","meta":{"_bbp_topic_count":0,"_bbp_reply_count":0,"_bbp_total_topic_count":0,"_bbp_total_reply_count":0,"_bbp_voice_count":0,"_bbp_anonymous_reply_count":0,"_bbp_topic_count_hidden":0,"_bbp_reply_count_hidden":0,"_bbp_forum_subforum_count":0,"footnotes":""},"categories":[111,1,29],"tags":[],"class_list":["post-4876","post","type-post","status-publish","format-standard","has-post-thumbnail","hentry","category-escola-porcel-de-cervera","category-general","category-portada"],"post_mailing_queue_ids":[],"_links":{"self":[{"href":"https:\/\/agora.xtec.cat\/zer-pedrera\/wp-json\/wp\/v2\/posts\/4876","targetHints":{"allow":["GET"]}}],"collection":[{"href":"https:\/\/agora.xtec.cat\/zer-pedrera\/wp-json\/wp\/v2\/posts"}],"about":[{"href":"https:\/\/agora.xtec.cat\/zer-pedrera\/wp-json\/wp\/v2\/types\/post"}],"author":[{"embeddable":true,"href":"https:\/\/agora.xtec.cat\/zer-pedrera\/wp-json\/wp\/v2\/users\/1"}],"replies":[{"embeddable":true,"href":"https:\/\/agora.xtec.cat\/zer-pedrera\/wp-json\/wp\/v2\/comments?post=4876"}],"version-history":[{"count":4,"href":"https:\/\/agora.xtec.cat\/zer-pedrera\/wp-json\/wp\/v2\/posts\/4876\/revisions"}],"predecessor-version":[{"id":4882,"href":"https:\/\/agora.xtec.cat\/zer-pedrera\/wp-json\/wp\/v2\/posts\/4876\/revisions\/4882"}],"wp:featuredmedia":[{"embeddable":true,"href":"https:\/\/agora.xtec.cat\/zer-pedrera\/wp-json\/wp\/v2\/media\/4877"}],"wp:attachment":[{"href":"https:\/\/agora.xtec.cat\/zer-pedrera\/wp-json\/wp\/v2\/media?parent=4876"}],"wp:term":[{"taxonomy":"category","embeddable":true,"href":"https:\/\/agora.xtec.cat\/zer-pedrera\/wp-json\/wp\/v2\/categories?post=4876"},{"taxonomy":"post_tag","embeddable":true,"href":"https:\/\/agora.xtec.cat\/zer-pedrera\/wp-json\/wp\/v2\/tags?post=4876"}],"curies":[{"name":"wp","href":"https:\/\/api.w.org\/{rel}","templated":true}]}}