{"id":4863,"date":"2021-11-09T19:41:00","date_gmt":"2021-11-09T18:41:00","guid":{"rendered":"https:\/\/agora.xtec.cat\/zer-pedrera\/?p=4863"},"modified":"2022-01-16T21:54:58","modified_gmt":"2022-01-16T20:54:58","slug":"ei-de-lescola-abat-ruera-reciclatge-i-creativitat","status":"publish","type":"post","link":"https:\/\/agora.xtec.cat\/zer-pedrera\/general\/ei-de-lescola-abat-ruera-reciclatge-i-creativitat\/","title":{"rendered":"EI de l&#8217;Escola Abat Ruera. Reciclatge i creativitat"},"content":{"rendered":"<p>El dia 4 de novembre, els alumnes de prim\u00e0ria de la ZER van realitzar el taller &#8220;A la recerca del m\u00f3n&#8221;. Mentrestant els m\u00e9s petits i petites de la nostra escola vam unir el m\u00f3n del reciclatge i de la creativitat per fer una gran obra d&#8217;art.<\/p>\n<p>L&#8217;activitat va consistir a portar de casa taps de pl\u00e0stic de diferents mides i colors. Els van classificar per colors en diverses safates per a poder-los utilitzar posteriorment.<\/p>\n<p>Finalment cadasc\u00fa\/na va agafar els que volia per crear la seva pr\u00f2pia obra d&#8217;art sobre un cart\u00f3 tamb\u00e9 reciclat.<\/p>\n<div>Cliqueu damunt de la imatge i veureu quins i quines artistes tenim a Educaci\u00f3 Infantil!<\/div>\n<div><\/div>\n<div><\/div>\n<div><\/div>\n<div><a href=\"https:\/\/photos.app.goo.gl\/8wBfSVX3j41Z4Mh79\" target=\"_blank\" rel=\"noopener\"><img loading=\"lazy\" decoding=\"async\" class=\"aligncenter size-full wp-image-4864\" src=\"https:\/\/agora.xtec.cat\/zer-pedrera\/wp-content\/uploads\/usu1473\/2021\/11\/1636297196523-mini.jpg\" alt=\"\" width=\"673\" height=\"342\" srcset=\"https:\/\/agora.xtec.cat\/zer-pedrera\/wp-content\/uploads\/usu1473\/2021\/11\/1636297196523-mini.jpg 673w, https:\/\/agora.xtec.cat\/zer-pedrera\/wp-content\/uploads\/usu1473\/2021\/11\/1636297196523-mini-300x152.jpg 300w\" sizes=\"auto, (max-width: 673px) 100vw, 673px\" \/><\/a><\/div>\n","protected":false},"excerpt":{"rendered":"<p>El dia 4 de novembre, els alumnes de prim\u00e0ria de la ZER van realitzar el taller &#8220;A la recerca del m\u00f3n&#8221;. Mentrestant els m\u00e9s petits i petites de la nostra escola vam unir el m\u00f3n del reciclatge i de la creativitat per fer una gran&hellip;  <a href=\"https:\/\/agora.xtec.cat\/zer-pedrera\/general\/ei-de-lescola-abat-ruera-reciclatge-i-creativitat\/\" title=\"Read EI de l&#8217;Escola Abat Ruera. Reciclatge i creativitat\">Llegeix m\u00e9s\u00bb<\/a><\/p>\n","protected":false},"author":1,"featured_media":4864,"comment_status":"open","ping_status":"closed","sticky":false,"template":"","format":"standard","meta":{"_bbp_topic_count":0,"_bbp_reply_count":0,"_bbp_total_topic_count":0,"_bbp_total_reply_count":0,"_bbp_voice_count":0,"_bbp_anonymous_reply_count":0,"_bbp_topic_count_hidden":0,"_bbp_reply_count_hidden":0,"_bbp_forum_subforum_count":0,"footnotes":""},"categories":[113,110,1,29,89],"tags":[],"class_list":["post-4863","post","type-post","status-publish","format-standard","has-post-thumbnail","hentry","category-e-infantil","category-escola-abat-ruera","category-general","category-portada","category-primaria"],"post_mailing_queue_ids":[],"_links":{"self":[{"href":"https:\/\/agora.xtec.cat\/zer-pedrera\/wp-json\/wp\/v2\/posts\/4863","targetHints":{"allow":["GET"]}}],"collection":[{"href":"https:\/\/agora.xtec.cat\/zer-pedrera\/wp-json\/wp\/v2\/posts"}],"about":[{"href":"https:\/\/agora.xtec.cat\/zer-pedrera\/wp-json\/wp\/v2\/types\/post"}],"author":[{"embeddable":true,"href":"https:\/\/agora.xtec.cat\/zer-pedrera\/wp-json\/wp\/v2\/users\/1"}],"replies":[{"embeddable":true,"href":"https:\/\/agora.xtec.cat\/zer-pedrera\/wp-json\/wp\/v2\/comments?post=4863"}],"version-history":[{"count":3,"href":"https:\/\/agora.xtec.cat\/zer-pedrera\/wp-json\/wp\/v2\/posts\/4863\/revisions"}],"predecessor-version":[{"id":5092,"href":"https:\/\/agora.xtec.cat\/zer-pedrera\/wp-json\/wp\/v2\/posts\/4863\/revisions\/5092"}],"wp:featuredmedia":[{"embeddable":true,"href":"https:\/\/agora.xtec.cat\/zer-pedrera\/wp-json\/wp\/v2\/media\/4864"}],"wp:attachment":[{"href":"https:\/\/agora.xtec.cat\/zer-pedrera\/wp-json\/wp\/v2\/media?parent=4863"}],"wp:term":[{"taxonomy":"category","embeddable":true,"href":"https:\/\/agora.xtec.cat\/zer-pedrera\/wp-json\/wp\/v2\/categories?post=4863"},{"taxonomy":"post_tag","embeddable":true,"href":"https:\/\/agora.xtec.cat\/zer-pedrera\/wp-json\/wp\/v2\/tags?post=4863"}],"curies":[{"name":"wp","href":"https:\/\/api.w.org\/{rel}","templated":true}]}}