{"id":4844,"date":"2021-11-05T21:09:26","date_gmt":"2021-11-05T20:09:26","guid":{"rendered":"https:\/\/agora.xtec.cat\/zer-pedrera\/?p=4844"},"modified":"2021-11-06T22:35:15","modified_gmt":"2021-11-06T21:35:15","slug":"a-lespluga-una-atalanta","status":"publish","type":"post","link":"https:\/\/agora.xtec.cat\/zer-pedrera\/portada\/a-lespluga-una-atalanta\/","title":{"rendered":"A L&#8217;ESPLUGA &#8230;..UNA ATALANTA !!!!"},"content":{"rendered":"<p>Quin descobriment !!!<\/p>\n<p>A l&#8217;hora del pati, els alumnes d&#8217;Educaci\u00f3 Infantil i els de 2n van estar distrets. Una papallona estava quieta, no volava.<\/p>\n<p>Aprofitant la situaci\u00f3 vam entrar a la classe i amb les lupes vam estar observant-li tots els detalls. Despr\u00e9s tocava buscar a l&#8217;ordinador qu\u00e8 mengen les papallones? i &#8230;&#8230; sorpresa! vam veure una imatge d&#8217;una papallona que era exactament igual que la que s&#8217;havia parat al nostre hort. El seu nom era ATALANTA. Quina il\u00b7lusi\u00f3 poder-li posar un nom.<\/p>\n<p>Per veure les imatges cliqueu <a href=\"https:\/\/photos.app.goo.gl\/GktvibTCRLyFQR5e6\" target=\"_blank\" rel=\"noopener\">aqu\u00ed<\/a><\/p>\n","protected":false},"excerpt":{"rendered":"<p>Quin descobriment !!!<br \/>\nA l&#8217;hora del pati, els alumnes d&#8217;Educaci\u00f3 Infantil i els de 2n van estar distrets. Una papallona estava quieta, no volava.<br \/>\nAprofitant la situaci\u00f3 vam entrar a la classe i amb les lupes vam estar observant-li tots els detalls. Despr\u00e9s tocava buscar a l&#8217;ordinador&hellip;  <a href=\"https:\/\/agora.xtec.cat\/zer-pedrera\/portada\/a-lespluga-una-atalanta\/\" title=\"Read A L&#8217;ESPLUGA &#8230;..UNA ATALANTA !!!!\">Llegeix m\u00e9s\u00bb<\/a><\/p>\n","protected":false},"author":1,"featured_media":0,"comment_status":"open","ping_status":"closed","sticky":false,"template":"","format":"standard","meta":{"_bbp_topic_count":0,"_bbp_reply_count":0,"_bbp_total_topic_count":0,"_bbp_total_reply_count":0,"_bbp_voice_count":0,"_bbp_anonymous_reply_count":0,"_bbp_topic_count_hidden":0,"_bbp_reply_count_hidden":0,"_bbp_forum_subforum_count":0,"footnotes":""},"categories":[113,111,29],"tags":[187],"class_list":["post-4844","post","type-post","status-publish","format-standard","hentry","category-e-infantil","category-escola-porcel-de-cervera","category-portada","tag-educacio-infantil"],"post_mailing_queue_ids":[],"_links":{"self":[{"href":"https:\/\/agora.xtec.cat\/zer-pedrera\/wp-json\/wp\/v2\/posts\/4844","targetHints":{"allow":["GET"]}}],"collection":[{"href":"https:\/\/agora.xtec.cat\/zer-pedrera\/wp-json\/wp\/v2\/posts"}],"about":[{"href":"https:\/\/agora.xtec.cat\/zer-pedrera\/wp-json\/wp\/v2\/types\/post"}],"author":[{"embeddable":true,"href":"https:\/\/agora.xtec.cat\/zer-pedrera\/wp-json\/wp\/v2\/users\/1"}],"replies":[{"embeddable":true,"href":"https:\/\/agora.xtec.cat\/zer-pedrera\/wp-json\/wp\/v2\/comments?post=4844"}],"version-history":[{"count":3,"href":"https:\/\/agora.xtec.cat\/zer-pedrera\/wp-json\/wp\/v2\/posts\/4844\/revisions"}],"predecessor-version":[{"id":4862,"href":"https:\/\/agora.xtec.cat\/zer-pedrera\/wp-json\/wp\/v2\/posts\/4844\/revisions\/4862"}],"wp:attachment":[{"href":"https:\/\/agora.xtec.cat\/zer-pedrera\/wp-json\/wp\/v2\/media?parent=4844"}],"wp:term":[{"taxonomy":"category","embeddable":true,"href":"https:\/\/agora.xtec.cat\/zer-pedrera\/wp-json\/wp\/v2\/categories?post=4844"},{"taxonomy":"post_tag","embeddable":true,"href":"https:\/\/agora.xtec.cat\/zer-pedrera\/wp-json\/wp\/v2\/tags?post=4844"}],"curies":[{"name":"wp","href":"https:\/\/api.w.org\/{rel}","templated":true}]}}