{"id":4841,"date":"2021-11-04T21:04:35","date_gmt":"2021-11-04T20:04:35","guid":{"rendered":"https:\/\/agora.xtec.cat\/zer-pedrera\/?p=4841"},"modified":"2021-12-16T19:25:59","modified_gmt":"2021-12-16T18:25:59","slug":"zer-pedrera-a-la-recerca-del-mon","status":"publish","type":"post","link":"https:\/\/agora.xtec.cat\/zer-pedrera\/general\/zer-pedrera-a-la-recerca-del-mon\/","title":{"rendered":"ZER PEDRERA. &#8220;A la recerca del m\u00f3n&#8221;"},"content":{"rendered":"<p>Avui els alumnes d&#8217;Educaci\u00f3 Prim\u00e0ria de la ZER hem celebrat la Setmana de la Ci\u00e8ncia gr\u00e0cies als tallers que ens han realitzat dues noies del Departament de Recerca i Universitats de la Generalitat de Catalunya. L&#8217;objectiu d&#8217;aquests tallers ha estat despertar en els alumnes l\u2019inter\u00e8s pel m\u00f3n de la recerca, construir i fomentar el pensament cr\u00edtic i la presa de consci\u00e8ncia a trav\u00e9s de l\u2019experimentaci\u00f3 i l\u2019observaci\u00f3.<\/p>\n<p>Els alumnes s&#8217;han posat a la pell d\u2019investigadors per poder observar el creixement i el desenvolupament de bacteris, per experimentar amb espores, per aprendre a diferenciar les plantes de les algues a trav\u00e9s de les seves c\u00e8l\u00b7lules i finalment con\u00e8ixer el cicle vital de la mosca de la fruita. S&#8217;ho han passat molt b\u00e9!<\/p>\n<p><img loading=\"lazy\" decoding=\"async\" class=\"aligncenter size-full wp-image-4842\" src=\"https:\/\/agora.xtec.cat\/zer-pedrera\/wp-content\/uploads\/usu1473\/2021\/11\/Experimentos-para-ninos.jpg\" alt=\"\" width=\"600\" height=\"428\" srcset=\"https:\/\/agora.xtec.cat\/zer-pedrera\/wp-content\/uploads\/usu1473\/2021\/11\/Experimentos-para-ninos.jpg 600w, https:\/\/agora.xtec.cat\/zer-pedrera\/wp-content\/uploads\/usu1473\/2021\/11\/Experimentos-para-ninos-300x214.jpg 300w\" sizes=\"auto, (max-width: 600px) 100vw, 600px\" \/><\/p>\n<p>Cliqueu <a href=\"https:\/\/photos.app.goo.gl\/kknhwdjBjK29hiCDA\" target=\"_blank\" rel=\"noopener\">AQU\u00cd<\/a> per veure les imatges de l&#8217;Escola Porcel de Cervera.<\/p>\n<p>Cliqueu <a href=\"https:\/\/photos.app.goo.gl\/fbqspvDfYqKfuiCC6\" target=\"_blank\" rel=\"noopener\">AQU\u00cd<\/a> per veure les imatges de l&#8217;Escola Abat Ruera.<\/p>\n<div><\/div>\n","protected":false},"excerpt":{"rendered":"<p>Avui els alumnes d&#8217;Educaci\u00f3 Prim\u00e0ria de la ZER hem celebrat la Setmana de la Ci\u00e8ncia gr\u00e0cies als tallers que ens han realitzat dues noies del Departament de Recerca i Universitats de la Generalitat de Catalunya. L&#8217;objectiu d&#8217;aquests tallers ha estat despertar en els alumnes l\u2019inter\u00e8s&hellip;  <a href=\"https:\/\/agora.xtec.cat\/zer-pedrera\/general\/zer-pedrera-a-la-recerca-del-mon\/\" title=\"Read ZER PEDRERA. &#8220;A la recerca del m\u00f3n&#8221;\">Llegeix m\u00e9s\u00bb<\/a><\/p>\n","protected":false},"author":1,"featured_media":4842,"comment_status":"open","ping_status":"closed","sticky":false,"template":"","format":"standard","meta":{"_bbp_topic_count":0,"_bbp_reply_count":0,"_bbp_total_topic_count":0,"_bbp_total_reply_count":0,"_bbp_voice_count":0,"_bbp_anonymous_reply_count":0,"_bbp_topic_count_hidden":0,"_bbp_reply_count_hidden":0,"_bbp_forum_subforum_count":0,"footnotes":""},"categories":[111,1,29,89],"tags":[],"class_list":["post-4841","post","type-post","status-publish","format-standard","has-post-thumbnail","hentry","category-escola-porcel-de-cervera","category-general","category-portada","category-primaria"],"post_mailing_queue_ids":[],"_links":{"self":[{"href":"https:\/\/agora.xtec.cat\/zer-pedrera\/wp-json\/wp\/v2\/posts\/4841","targetHints":{"allow":["GET"]}}],"collection":[{"href":"https:\/\/agora.xtec.cat\/zer-pedrera\/wp-json\/wp\/v2\/posts"}],"about":[{"href":"https:\/\/agora.xtec.cat\/zer-pedrera\/wp-json\/wp\/v2\/types\/post"}],"author":[{"embeddable":true,"href":"https:\/\/agora.xtec.cat\/zer-pedrera\/wp-json\/wp\/v2\/users\/1"}],"replies":[{"embeddable":true,"href":"https:\/\/agora.xtec.cat\/zer-pedrera\/wp-json\/wp\/v2\/comments?post=4841"}],"version-history":[{"count":3,"href":"https:\/\/agora.xtec.cat\/zer-pedrera\/wp-json\/wp\/v2\/posts\/4841\/revisions"}],"predecessor-version":[{"id":5081,"href":"https:\/\/agora.xtec.cat\/zer-pedrera\/wp-json\/wp\/v2\/posts\/4841\/revisions\/5081"}],"wp:featuredmedia":[{"embeddable":true,"href":"https:\/\/agora.xtec.cat\/zer-pedrera\/wp-json\/wp\/v2\/media\/4842"}],"wp:attachment":[{"href":"https:\/\/agora.xtec.cat\/zer-pedrera\/wp-json\/wp\/v2\/media?parent=4841"}],"wp:term":[{"taxonomy":"category","embeddable":true,"href":"https:\/\/agora.xtec.cat\/zer-pedrera\/wp-json\/wp\/v2\/categories?post=4841"},{"taxonomy":"post_tag","embeddable":true,"href":"https:\/\/agora.xtec.cat\/zer-pedrera\/wp-json\/wp\/v2\/tags?post=4841"}],"curies":[{"name":"wp","href":"https:\/\/api.w.org\/{rel}","templated":true}]}}