{"id":4821,"date":"2021-11-12T11:18:39","date_gmt":"2021-11-12T10:18:39","guid":{"rendered":"https:\/\/agora.xtec.cat\/zer-pedrera\/?p=4821"},"modified":"2021-11-12T14:19:17","modified_gmt":"2021-11-12T13:19:17","slug":"jornades-mediambientals-a-lescola-abat-ruera","status":"publish","type":"post","link":"https:\/\/agora.xtec.cat\/zer-pedrera\/general\/jornades-mediambientals-a-lescola-abat-ruera\/","title":{"rendered":"Les JORNADES MEDIAMBIENTALS a l&#8217;escola Abat Ruera en imatges, us ho perdreu???"},"content":{"rendered":"<p>Benvolgudes fam\u00edlies, aix\u00ed de divertides i enriquidores foren les jornades mediambientals de l&#8217;escola Abat Ruera!<\/p>\n<p>La pr\u00e8via es celebr\u00e0 el dijous 4 de novembre, una jornada cient\u00edfica d&#8217;alt nivell amb els cient\u00edfics del Departament de Recerca i Universitats de la Generalitat de Catalunya en el marc de la <em>setmana de la ci\u00e8ncia<\/em>; el divendres 5 de novembre supos\u00e0 el dia \u00e0lgid de les jornades amb un taller d&#8217;anellament d&#8217;ocells a c\u00e0rrec del millor dels ornit\u00f2legs del nostre pa\u00eds, en Sergi Sales, l&#8217;arranjament i posterior tasca de cultivar el nostre hort ecol\u00f2gic d&#8217;hivern, ela instal\u00b7laci\u00f3 del nostre compostador i moltes altres activitats i sorpreses, com l&#8217;adopci\u00f3 de les nostres dues mascotes de la biblioteca! El dimecres 10 de novembre es va celebrar una jornada d&#8217;apropament als espais naturals de ponent a c\u00e0rrec del gran ornit\u00f2leg Enric Morera. I finalment, el divendres 12 de novembre es va fer uns tallers de caixes niu. Va ser una passada!!!<\/p>\n<p>No us en perdeu detall!!!<\/p>\n<p>CLIQUEU <a href=\"https:\/\/photos.app.goo.gl\/DG8tn6g8q15Aggiu7\" target=\"_blank\" rel=\"noopener\">AQU\u00cd<\/a> PER ACCEDIR A LA JORNADA CIENT\u00cdFICA &#8220;A LA RECERCA DEL M\u00d3N&#8221;.<\/p>\n<p>CLIQUEU <a href=\"https:\/\/photos.app.goo.gl\/rKqFnpnWeTBtJeYf8\" target=\"_blank\" rel=\"noopener\">AQU\u00cd<\/a> PER ACCEDIR A LES FOTOS DEL TALER D&#8217;ANELLAMENT D&#8217;OCELLS DEL DIA 5 DE NOVEMBRE.<\/p>\n<p>CLIQUEU <a href=\"https:\/\/photos.app.goo.gl\/ZhCXfeEWpHqhDK2Y8\" target=\"_blank\" rel=\"noopener\">AQU\u00cd<\/a> PER ACCEDIR ALS TALLERS D&#8217;HORT, D&#8217;OBTENCI\u00d3 DE LLAVORS I DE MUNTATGE D&#8217;UN COMPOSTADOR.<\/p>\n<p>Properament, m\u00e9s fotos!!!<\/p>\n<p><img loading=\"lazy\" decoding=\"async\" class=\"aligncenter size-full wp-image-4822\" src=\"https:\/\/agora.xtec.cat\/zer-pedrera\/wp-content\/uploads\/usu1473\/2021\/11\/1635935603989.jpg\" alt=\"\" width=\"448\" height=\"336\" srcset=\"https:\/\/agora.xtec.cat\/zer-pedrera\/wp-content\/uploads\/usu1473\/2021\/11\/1635935603989.jpg 448w, https:\/\/agora.xtec.cat\/zer-pedrera\/wp-content\/uploads\/usu1473\/2021\/11\/1635935603989-300x225.jpg 300w, https:\/\/agora.xtec.cat\/zer-pedrera\/wp-content\/uploads\/usu1473\/2021\/11\/1635935603989-200x150.jpg 200w\" sizes=\"auto, (max-width: 448px) 100vw, 448px\" \/><\/p>\n<p>&nbsp;<\/p>\n<p><img loading=\"lazy\" decoding=\"async\" class=\"aligncenter size-full wp-image-4823\" src=\"https:\/\/agora.xtec.cat\/zer-pedrera\/wp-content\/uploads\/usu1473\/2021\/11\/mediambiental.jpg\" alt=\"\" width=\"491\" height=\"709\" srcset=\"https:\/\/agora.xtec.cat\/zer-pedrera\/wp-content\/uploads\/usu1473\/2021\/11\/mediambiental.jpg 491w, https:\/\/agora.xtec.cat\/zer-pedrera\/wp-content\/uploads\/usu1473\/2021\/11\/mediambiental-208x300.jpg 208w\" sizes=\"auto, (max-width: 491px) 100vw, 491px\" \/><\/p>\n","protected":false},"excerpt":{"rendered":"<p>Benvolgudes fam\u00edlies, aix\u00ed de divertides i enriquidores foren les jornades mediambientals de l&#8217;escola Abat Ruera!<br \/>\nLa pr\u00e8via es celebr\u00e0 el dijous 4 de novembre, una jornada cient\u00edfica d&#8217;alt nivell amb els cient\u00edfics del Departament de Recerca i Universitats de la Generalitat de Catalunya en el marc&hellip;  <a href=\"https:\/\/agora.xtec.cat\/zer-pedrera\/general\/jornades-mediambientals-a-lescola-abat-ruera\/\" title=\"Read Les JORNADES MEDIAMBIENTALS a l&#8217;escola Abat Ruera en imatges, us ho perdreu???\">Llegeix m\u00e9s\u00bb<\/a><\/p>\n","protected":false},"author":1,"featured_media":4873,"comment_status":"open","ping_status":"closed","sticky":false,"template":"","format":"standard","meta":{"_bbp_topic_count":0,"_bbp_reply_count":0,"_bbp_total_topic_count":0,"_bbp_total_reply_count":0,"_bbp_voice_count":0,"_bbp_anonymous_reply_count":0,"_bbp_topic_count_hidden":0,"_bbp_reply_count_hidden":0,"_bbp_forum_subforum_count":0,"footnotes":""},"categories":[113,110,1,114,116,29,89],"tags":[],"class_list":["post-4821","post","type-post","status-publish","format-standard","has-post-thumbnail","hentry","category-e-infantil","category-escola-abat-ruera","category-general","category-hort","category-medi","category-portada","category-primaria"],"post_mailing_queue_ids":[],"_links":{"self":[{"href":"https:\/\/agora.xtec.cat\/zer-pedrera\/wp-json\/wp\/v2\/posts\/4821","targetHints":{"allow":["GET"]}}],"collection":[{"href":"https:\/\/agora.xtec.cat\/zer-pedrera\/wp-json\/wp\/v2\/posts"}],"about":[{"href":"https:\/\/agora.xtec.cat\/zer-pedrera\/wp-json\/wp\/v2\/types\/post"}],"author":[{"embeddable":true,"href":"https:\/\/agora.xtec.cat\/zer-pedrera\/wp-json\/wp\/v2\/users\/1"}],"replies":[{"embeddable":true,"href":"https:\/\/agora.xtec.cat\/zer-pedrera\/wp-json\/wp\/v2\/comments?post=4821"}],"version-history":[{"count":3,"href":"https:\/\/agora.xtec.cat\/zer-pedrera\/wp-json\/wp\/v2\/posts\/4821\/revisions"}],"predecessor-version":[{"id":4875,"href":"https:\/\/agora.xtec.cat\/zer-pedrera\/wp-json\/wp\/v2\/posts\/4821\/revisions\/4875"}],"wp:featuredmedia":[{"embeddable":true,"href":"https:\/\/agora.xtec.cat\/zer-pedrera\/wp-json\/wp\/v2\/media\/4873"}],"wp:attachment":[{"href":"https:\/\/agora.xtec.cat\/zer-pedrera\/wp-json\/wp\/v2\/media?parent=4821"}],"wp:term":[{"taxonomy":"category","embeddable":true,"href":"https:\/\/agora.xtec.cat\/zer-pedrera\/wp-json\/wp\/v2\/categories?post=4821"},{"taxonomy":"post_tag","embeddable":true,"href":"https:\/\/agora.xtec.cat\/zer-pedrera\/wp-json\/wp\/v2\/tags?post=4821"}],"curies":[{"name":"wp","href":"https:\/\/api.w.org\/{rel}","templated":true}]}}