{"id":4774,"date":"2021-10-24T21:48:26","date_gmt":"2021-10-24T19:48:26","guid":{"rendered":"https:\/\/agora.xtec.cat\/zer-pedrera\/?p=4774"},"modified":"2021-11-23T20:42:59","modified_gmt":"2021-11-23T19:42:59","slug":"ci-de-lescola-abat-ruera-ens-fiquem-guapos-i-guapes","status":"publish","type":"post","link":"https:\/\/agora.xtec.cat\/zer-pedrera\/general\/ci-de-lescola-abat-ruera-ens-fiquem-guapos-i-guapes\/","title":{"rendered":"CI de l&#8217;Escola Abat Ruera. Ens fiquem guapos i guapes!"},"content":{"rendered":"<p>Despr\u00e9s de fer Educaci\u00f3 F\u00edsica, els alumnes\u00a0 puguem a l&#8217;aula i toca el moment de rentar-se, pentinar-se i sobretot de ficar-se ben guapos i ben guapes. \u00c9s un moment on tots\/es s&#8217;ajuden i comparteixen rialles i confid\u00e8ncies. Aqu\u00ed teniu una fotografia que reflecteix aquests moments!<\/p>\n<div><img loading=\"lazy\" decoding=\"async\" class=\"aligncenter size-full wp-image-4775\" src=\"https:\/\/agora.xtec.cat\/zer-pedrera\/wp-content\/uploads\/usu1473\/2021\/10\/DSCF508mini.jpg\" alt=\"\" width=\"627\" height=\"418\" srcset=\"https:\/\/agora.xtec.cat\/zer-pedrera\/wp-content\/uploads\/usu1473\/2021\/10\/DSCF508mini.jpg 627w, https:\/\/agora.xtec.cat\/zer-pedrera\/wp-content\/uploads\/usu1473\/2021\/10\/DSCF508mini-300x200.jpg 300w\" sizes=\"auto, (max-width: 627px) 100vw, 627px\" \/><\/div>\n","protected":false},"excerpt":{"rendered":"<p>Despr\u00e9s de fer Educaci\u00f3 F\u00edsica, els alumnes\u00a0 puguem a l&#8217;aula i toca el moment de rentar-se, pentinar-se i sobretot de ficar-se ben guapos i ben guapes. \u00c9s un moment on tots\/es s&#8217;ajuden i comparteixen rialles i confid\u00e8ncies. Aqu\u00ed teniu una fotografia que reflecteix aquests moments!<\/p>\n","protected":false},"author":1,"featured_media":4775,"comment_status":"open","ping_status":"closed","sticky":false,"template":"","format":"standard","meta":{"_bbp_topic_count":0,"_bbp_reply_count":0,"_bbp_total_topic_count":0,"_bbp_total_reply_count":0,"_bbp_voice_count":0,"_bbp_anonymous_reply_count":0,"_bbp_topic_count_hidden":0,"_bbp_reply_count_hidden":0,"_bbp_forum_subforum_count":0,"footnotes":""},"categories":[110,1,29,89],"tags":[],"class_list":["post-4774","post","type-post","status-publish","format-standard","has-post-thumbnail","hentry","category-escola-abat-ruera","category-general","category-portada","category-primaria"],"post_mailing_queue_ids":[],"_links":{"self":[{"href":"https:\/\/agora.xtec.cat\/zer-pedrera\/wp-json\/wp\/v2\/posts\/4774","targetHints":{"allow":["GET"]}}],"collection":[{"href":"https:\/\/agora.xtec.cat\/zer-pedrera\/wp-json\/wp\/v2\/posts"}],"about":[{"href":"https:\/\/agora.xtec.cat\/zer-pedrera\/wp-json\/wp\/v2\/types\/post"}],"author":[{"embeddable":true,"href":"https:\/\/agora.xtec.cat\/zer-pedrera\/wp-json\/wp\/v2\/users\/1"}],"replies":[{"embeddable":true,"href":"https:\/\/agora.xtec.cat\/zer-pedrera\/wp-json\/wp\/v2\/comments?post=4774"}],"version-history":[{"count":1,"href":"https:\/\/agora.xtec.cat\/zer-pedrera\/wp-json\/wp\/v2\/posts\/4774\/revisions"}],"predecessor-version":[{"id":4776,"href":"https:\/\/agora.xtec.cat\/zer-pedrera\/wp-json\/wp\/v2\/posts\/4774\/revisions\/4776"}],"wp:featuredmedia":[{"embeddable":true,"href":"https:\/\/agora.xtec.cat\/zer-pedrera\/wp-json\/wp\/v2\/media\/4775"}],"wp:attachment":[{"href":"https:\/\/agora.xtec.cat\/zer-pedrera\/wp-json\/wp\/v2\/media?parent=4774"}],"wp:term":[{"taxonomy":"category","embeddable":true,"href":"https:\/\/agora.xtec.cat\/zer-pedrera\/wp-json\/wp\/v2\/categories?post=4774"},{"taxonomy":"post_tag","embeddable":true,"href":"https:\/\/agora.xtec.cat\/zer-pedrera\/wp-json\/wp\/v2\/tags?post=4774"}],"curies":[{"name":"wp","href":"https:\/\/api.w.org\/{rel}","templated":true}]}}