{"id":4767,"date":"2021-10-24T20:54:14","date_gmt":"2021-10-24T18:54:14","guid":{"rendered":"https:\/\/agora.xtec.cat\/zer-pedrera\/?p=4767"},"modified":"2022-01-16T21:56:12","modified_gmt":"2022-01-16T20:56:12","slug":"ei-de-lescola-abat-ruera-desgranem-panis","status":"publish","type":"post","link":"https:\/\/agora.xtec.cat\/zer-pedrera\/general\/ei-de-lescola-abat-ruera-desgranem-panis\/","title":{"rendered":"EI de l&#8217;Escola Abat Ruera. Desgranem pan\u00eds!"},"content":{"rendered":"<p>Els alumnes d&#8217;Educaci\u00f3 Infantil s&#8217;ho han passat d&#8217;all\u00f2 m\u00e9s b\u00e9 desgranar panotxes de pan\u00eds. Despr\u00e9s de desgranar-les, hem guardat els granets en capses per una altra activitat.<\/p>\n<p>Els ha costat for\u00e7a treure els granets de pan\u00eds, per\u00f2 al final ho han aconseguit. Ha estat una activitat molt divertida per\u00f2 al mateix moment molt educativa, ja que, els alumnes han treballat la coordinaci\u00f3 fina i han apr\u00e8s com s\u00f3n les panotxes.<\/p>\n<p>Cliqueu damunt de la imatge i podreu gaudir de les fotografies de l&#8217;activitat!<\/p>\n<p><a href=\"https:\/\/photos.app.goo.gl\/kPJTcvGk8Y3gMzkTA\" target=\"_blank\" rel=\"noopener\"><img loading=\"lazy\" decoding=\"async\" class=\"aligncenter size-full wp-image-4768\" src=\"https:\/\/agora.xtec.cat\/zer-pedrera\/wp-content\/uploads\/usu1473\/2021\/10\/panis.jpg\" alt=\"\" width=\"399\" height=\"230\" srcset=\"https:\/\/agora.xtec.cat\/zer-pedrera\/wp-content\/uploads\/usu1473\/2021\/10\/panis.jpg 399w, https:\/\/agora.xtec.cat\/zer-pedrera\/wp-content\/uploads\/usu1473\/2021\/10\/panis-300x173.jpg 300w\" sizes=\"auto, (max-width: 399px) 100vw, 399px\" \/><\/a><\/p>\n","protected":false},"excerpt":{"rendered":"<p>Els alumnes d&#8217;Educaci\u00f3 Infantil s&#8217;ho han passat d&#8217;all\u00f2 m\u00e9s b\u00e9 desgranar panotxes de pan\u00eds. Despr\u00e9s de desgranar-les, hem guardat els granets en capses per una altra activitat.<br \/>\nEls ha costat for\u00e7a treure els granets de pan\u00eds, per\u00f2 al final ho han aconseguit. Ha estat una activitat&hellip;  <a href=\"https:\/\/agora.xtec.cat\/zer-pedrera\/general\/ei-de-lescola-abat-ruera-desgranem-panis\/\" title=\"Read EI de l&#8217;Escola Abat Ruera. Desgranem pan\u00eds!\">Llegeix m\u00e9s\u00bb<\/a><\/p>\n","protected":false},"author":1,"featured_media":4768,"comment_status":"open","ping_status":"closed","sticky":false,"template":"","format":"standard","meta":{"_bbp_topic_count":0,"_bbp_reply_count":0,"_bbp_total_topic_count":0,"_bbp_total_reply_count":0,"_bbp_voice_count":0,"_bbp_anonymous_reply_count":0,"_bbp_topic_count_hidden":0,"_bbp_reply_count_hidden":0,"_bbp_forum_subforum_count":0,"footnotes":""},"categories":[113,110,1,29,89],"tags":[],"class_list":["post-4767","post","type-post","status-publish","format-standard","has-post-thumbnail","hentry","category-e-infantil","category-escola-abat-ruera","category-general","category-portada","category-primaria"],"post_mailing_queue_ids":[],"_links":{"self":[{"href":"https:\/\/agora.xtec.cat\/zer-pedrera\/wp-json\/wp\/v2\/posts\/4767","targetHints":{"allow":["GET"]}}],"collection":[{"href":"https:\/\/agora.xtec.cat\/zer-pedrera\/wp-json\/wp\/v2\/posts"}],"about":[{"href":"https:\/\/agora.xtec.cat\/zer-pedrera\/wp-json\/wp\/v2\/types\/post"}],"author":[{"embeddable":true,"href":"https:\/\/agora.xtec.cat\/zer-pedrera\/wp-json\/wp\/v2\/users\/1"}],"replies":[{"embeddable":true,"href":"https:\/\/agora.xtec.cat\/zer-pedrera\/wp-json\/wp\/v2\/comments?post=4767"}],"version-history":[{"count":3,"href":"https:\/\/agora.xtec.cat\/zer-pedrera\/wp-json\/wp\/v2\/posts\/4767\/revisions"}],"predecessor-version":[{"id":5018,"href":"https:\/\/agora.xtec.cat\/zer-pedrera\/wp-json\/wp\/v2\/posts\/4767\/revisions\/5018"}],"wp:featuredmedia":[{"embeddable":true,"href":"https:\/\/agora.xtec.cat\/zer-pedrera\/wp-json\/wp\/v2\/media\/4768"}],"wp:attachment":[{"href":"https:\/\/agora.xtec.cat\/zer-pedrera\/wp-json\/wp\/v2\/media?parent=4767"}],"wp:term":[{"taxonomy":"category","embeddable":true,"href":"https:\/\/agora.xtec.cat\/zer-pedrera\/wp-json\/wp\/v2\/categories?post=4767"},{"taxonomy":"post_tag","embeddable":true,"href":"https:\/\/agora.xtec.cat\/zer-pedrera\/wp-json\/wp\/v2\/tags?post=4767"}],"curies":[{"name":"wp","href":"https:\/\/api.w.org\/{rel}","templated":true}]}}