{"id":4736,"date":"2021-10-19T22:08:28","date_gmt":"2021-10-19T20:08:28","guid":{"rendered":"https:\/\/agora.xtec.cat\/zer-pedrera\/?p=4736"},"modified":"2021-11-23T20:45:56","modified_gmt":"2021-11-23T19:45:56","slug":"abat-ruera-dia-internacional-de-la-dona-rural","status":"publish","type":"post","link":"https:\/\/agora.xtec.cat\/zer-pedrera\/general\/abat-ruera-dia-internacional-de-la-dona-rural\/","title":{"rendered":"Abat Ruera. Dia Internacional de la Dona Rural"},"content":{"rendered":"<p>El dia 15 d&#8217;octubre vam celebrar a l&#8217;escola el Dia Internacional de la Dona Rura<b>l.\u00a0<\/b>Aquest dia es va crear amb la finalitat de visibilitzar la contribuci\u00f3 de les dones al desenvolupament rural reconeixent la rellev\u00e0ncia del seu paper en les activitats agr\u00e0ries, el comer\u00e7, la petita empresa, aix\u00ed com la import\u00e0ncia del seu treball en l&#8217;\u00e0mbit familiar.<\/p>\n<p>Aquest dia, al pati de l&#8217;escola, tots els alumnes ens vam reunir per escoltar les hist\u00f2ries i viv\u00e8ncies de dones del poble, que gratament va venir a compartir amb nosaltres les seves experi\u00e8ncies personals. Estem molt agra\u00efts per la seva col\u00b7laboraci\u00f3!!!<\/p>\n<p>Per veure les fotografies d&#8217;aquell dia clicar damunt de la foto.<\/p>\n<p><a href=\"https:\/\/photos.app.goo.gl\/sEH8eDRV4eTNzTUN8\" target=\"_blank\" rel=\"noopener\"><img loading=\"lazy\" decoding=\"async\" class=\"aligncenter size-full wp-image-4737\" src=\"https:\/\/agora.xtec.cat\/zer-pedrera\/wp-content\/uploads\/usu1473\/2021\/10\/image_50739201-mini.jpg\" alt=\"\" width=\"480\" height=\"545\" srcset=\"https:\/\/agora.xtec.cat\/zer-pedrera\/wp-content\/uploads\/usu1473\/2021\/10\/image_50739201-mini.jpg 480w, https:\/\/agora.xtec.cat\/zer-pedrera\/wp-content\/uploads\/usu1473\/2021\/10\/image_50739201-mini-264x300.jpg 264w\" sizes=\"auto, (max-width: 480px) 100vw, 480px\" \/><\/a><\/p>\n","protected":false},"excerpt":{"rendered":"<p>El dia 15 d&#8217;octubre vam celebrar a l&#8217;escola el Dia Internacional de la Dona Rural.\u00a0Aquest dia es va crear amb la finalitat de visibilitzar la contribuci\u00f3 de les dones al desenvolupament rural reconeixent la rellev\u00e0ncia del seu paper en les activitats agr\u00e0ries, el comer\u00e7, la&hellip;  <a href=\"https:\/\/agora.xtec.cat\/zer-pedrera\/general\/abat-ruera-dia-internacional-de-la-dona-rural\/\" title=\"Read Abat Ruera. Dia Internacional de la Dona Rural\">Llegeix m\u00e9s\u00bb<\/a><\/p>\n","protected":false},"author":1,"featured_media":4737,"comment_status":"open","ping_status":"closed","sticky":false,"template":"","format":"standard","meta":{"_bbp_topic_count":0,"_bbp_reply_count":0,"_bbp_total_topic_count":0,"_bbp_total_reply_count":0,"_bbp_voice_count":0,"_bbp_anonymous_reply_count":0,"_bbp_topic_count_hidden":0,"_bbp_reply_count_hidden":0,"_bbp_forum_subforum_count":0,"footnotes":""},"categories":[110,1,29,89],"tags":[],"class_list":["post-4736","post","type-post","status-publish","format-standard","has-post-thumbnail","hentry","category-escola-abat-ruera","category-general","category-portada","category-primaria"],"post_mailing_queue_ids":[],"_links":{"self":[{"href":"https:\/\/agora.xtec.cat\/zer-pedrera\/wp-json\/wp\/v2\/posts\/4736","targetHints":{"allow":["GET"]}}],"collection":[{"href":"https:\/\/agora.xtec.cat\/zer-pedrera\/wp-json\/wp\/v2\/posts"}],"about":[{"href":"https:\/\/agora.xtec.cat\/zer-pedrera\/wp-json\/wp\/v2\/types\/post"}],"author":[{"embeddable":true,"href":"https:\/\/agora.xtec.cat\/zer-pedrera\/wp-json\/wp\/v2\/users\/1"}],"replies":[{"embeddable":true,"href":"https:\/\/agora.xtec.cat\/zer-pedrera\/wp-json\/wp\/v2\/comments?post=4736"}],"version-history":[{"count":2,"href":"https:\/\/agora.xtec.cat\/zer-pedrera\/wp-json\/wp\/v2\/posts\/4736\/revisions"}],"predecessor-version":[{"id":4904,"href":"https:\/\/agora.xtec.cat\/zer-pedrera\/wp-json\/wp\/v2\/posts\/4736\/revisions\/4904"}],"wp:featuredmedia":[{"embeddable":true,"href":"https:\/\/agora.xtec.cat\/zer-pedrera\/wp-json\/wp\/v2\/media\/4737"}],"wp:attachment":[{"href":"https:\/\/agora.xtec.cat\/zer-pedrera\/wp-json\/wp\/v2\/media?parent=4736"}],"wp:term":[{"taxonomy":"category","embeddable":true,"href":"https:\/\/agora.xtec.cat\/zer-pedrera\/wp-json\/wp\/v2\/categories?post=4736"},{"taxonomy":"post_tag","embeddable":true,"href":"https:\/\/agora.xtec.cat\/zer-pedrera\/wp-json\/wp\/v2\/tags?post=4736"}],"curies":[{"name":"wp","href":"https:\/\/api.w.org\/{rel}","templated":true}]}}