{"id":4728,"date":"2021-10-17T18:33:47","date_gmt":"2021-10-17T16:33:47","guid":{"rendered":"https:\/\/agora.xtec.cat\/zer-pedrera\/?p=4728"},"modified":"2022-01-16T21:56:47","modified_gmt":"2022-01-16T20:56:47","slug":"ei-de-lescola-abat-ruera-fruits-i-fruites-de-la-tardor","status":"publish","type":"post","link":"https:\/\/agora.xtec.cat\/zer-pedrera\/general\/ei-de-lescola-abat-ruera-fruits-i-fruites-de-la-tardor\/","title":{"rendered":"EI de l&#8217;Escola Abat Ruera. Fruits i fruites de la tardor"},"content":{"rendered":"<p>Tots els alumnes d&#8217;Educaci\u00f3 Infantil han treballat els fruits i les fruites de la tardor de forma experimental. Han pogut veure, tocar, olorar escoltar, tastar (qui volia)&#8230; figues, nous, bolets, magranes, carabasses, castanyes, moniatos (cru i cuit)&#8230;<\/p>\n<p>S&#8217;ho han passat d&#8217;all\u00f2 m\u00e9s b\u00e9, a m\u00e9s d&#8217;aprendre un munt de coses sobre els fruits i fruites de la tardor. Cliqueu damunt de la fotografia per veure m\u00e9s imatges!<\/p>\n<p><a href=\"https:\/\/photos.app.goo.gl\/kCkzGJQ5KaaAxec57\" target=\"_blank\" rel=\"noopener\"><img loading=\"lazy\" decoding=\"async\" class=\"aligncenter size-full wp-image-4729\" src=\"https:\/\/agora.xtec.cat\/zer-pedrera\/wp-content\/uploads\/usu1473\/2021\/10\/1634487177770-mini.jpg\" alt=\"\" width=\"682\" height=\"384\" srcset=\"https:\/\/agora.xtec.cat\/zer-pedrera\/wp-content\/uploads\/usu1473\/2021\/10\/1634487177770-mini.jpg 682w, https:\/\/agora.xtec.cat\/zer-pedrera\/wp-content\/uploads\/usu1473\/2021\/10\/1634487177770-mini-300x169.jpg 300w\" sizes=\"auto, (max-width: 682px) 100vw, 682px\" \/><\/a><\/p>\n","protected":false},"excerpt":{"rendered":"<p>Tots els alumnes d&#8217;Educaci\u00f3 Infantil han treballat els fruits i les fruites de la tardor de forma experimental. Han pogut veure, tocar, olorar escoltar, tastar (qui volia)&#8230; figues, nous, bolets, magranes, carabasses, castanyes, moniatos (cru i cuit)&#8230;<br \/>\nS&#8217;ho han passat d&#8217;all\u00f2 m\u00e9s b\u00e9, a m\u00e9s d&#8217;aprendre&hellip;  <a href=\"https:\/\/agora.xtec.cat\/zer-pedrera\/general\/ei-de-lescola-abat-ruera-fruits-i-fruites-de-la-tardor\/\" title=\"Read EI de l&#8217;Escola Abat Ruera. Fruits i fruites de la tardor\">Llegeix m\u00e9s\u00bb<\/a><\/p>\n","protected":false},"author":1,"featured_media":4729,"comment_status":"open","ping_status":"closed","sticky":false,"template":"","format":"standard","meta":{"_bbp_topic_count":0,"_bbp_reply_count":0,"_bbp_total_topic_count":0,"_bbp_total_reply_count":0,"_bbp_voice_count":0,"_bbp_anonymous_reply_count":0,"_bbp_topic_count_hidden":0,"_bbp_reply_count_hidden":0,"_bbp_forum_subforum_count":0,"footnotes":""},"categories":[113,110,1,29,89],"tags":[],"class_list":["post-4728","post","type-post","status-publish","format-standard","has-post-thumbnail","hentry","category-e-infantil","category-escola-abat-ruera","category-general","category-portada","category-primaria"],"post_mailing_queue_ids":[],"_links":{"self":[{"href":"https:\/\/agora.xtec.cat\/zer-pedrera\/wp-json\/wp\/v2\/posts\/4728","targetHints":{"allow":["GET"]}}],"collection":[{"href":"https:\/\/agora.xtec.cat\/zer-pedrera\/wp-json\/wp\/v2\/posts"}],"about":[{"href":"https:\/\/agora.xtec.cat\/zer-pedrera\/wp-json\/wp\/v2\/types\/post"}],"author":[{"embeddable":true,"href":"https:\/\/agora.xtec.cat\/zer-pedrera\/wp-json\/wp\/v2\/users\/1"}],"replies":[{"embeddable":true,"href":"https:\/\/agora.xtec.cat\/zer-pedrera\/wp-json\/wp\/v2\/comments?post=4728"}],"version-history":[{"count":3,"href":"https:\/\/agora.xtec.cat\/zer-pedrera\/wp-json\/wp\/v2\/posts\/4728\/revisions"}],"predecessor-version":[{"id":5094,"href":"https:\/\/agora.xtec.cat\/zer-pedrera\/wp-json\/wp\/v2\/posts\/4728\/revisions\/5094"}],"wp:featuredmedia":[{"embeddable":true,"href":"https:\/\/agora.xtec.cat\/zer-pedrera\/wp-json\/wp\/v2\/media\/4729"}],"wp:attachment":[{"href":"https:\/\/agora.xtec.cat\/zer-pedrera\/wp-json\/wp\/v2\/media?parent=4728"}],"wp:term":[{"taxonomy":"category","embeddable":true,"href":"https:\/\/agora.xtec.cat\/zer-pedrera\/wp-json\/wp\/v2\/categories?post=4728"},{"taxonomy":"post_tag","embeddable":true,"href":"https:\/\/agora.xtec.cat\/zer-pedrera\/wp-json\/wp\/v2\/tags?post=4728"}],"curies":[{"name":"wp","href":"https:\/\/api.w.org\/{rel}","templated":true}]}}