{"id":4723,"date":"2021-10-15T17:44:49","date_gmt":"2021-10-15T15:44:49","guid":{"rendered":"https:\/\/agora.xtec.cat\/zer-pedrera\/?p=4723"},"modified":"2021-10-15T17:44:49","modified_gmt":"2021-10-15T15:44:49","slug":"lectura-en-veu-alta","status":"publish","type":"post","link":"https:\/\/agora.xtec.cat\/zer-pedrera\/portada\/lectura-en-veu-alta\/","title":{"rendered":"Lectura en Veu Alta"},"content":{"rendered":"<p>Aquest curs tamb\u00e9 participarem en el Certamen de Lectura en Veu Alta.<\/p>\n<p>A l&#8217;escola ens estem entrenant i hem comen\u00e7at amb dos llibres, un per cicle mitj\u00e0 (Paula i la lleugeresa de l&#8217;\u00e9sser) i un altre per cicle superior (El petit Nicol\u00e0s).<\/p>\n<p>El treball consisteix en escoltar el modelatge de la mestra i, amb la postura adequada, tot seguit, cada alumne\/a, un\/a per un\/a, llegir en veu alta, amb entonaci\u00f3 correcta, un fragment del llibre.<\/p>\n<p>Si cliqueu a la imatge, veureu les fotos.<\/p>\n<p><a href=\"https:\/\/photos.app.goo.gl\/tRNUSW2csx5QkAfM8\"><img loading=\"lazy\" decoding=\"async\" class=\"size-full wp-image-4724 aligncenter\" src=\"https:\/\/agora.xtec.cat\/zer-pedrera\/wp-content\/uploads\/usu1473\/2021\/10\/lectura-veu-alta-imatge.jpg\" alt=\"\" width=\"199\" height=\"176\" \/><\/a><\/p>\n","protected":false},"excerpt":{"rendered":"<p>Aquest curs tamb\u00e9 participarem en el Certamen de Lectura en Veu Alta.<br \/>\nA l&#8217;escola ens estem entrenant i hem comen\u00e7at amb dos llibres, un per cicle mitj\u00e0 (Paula i la lleugeresa de l&#8217;\u00e9sser) i un altre per cicle superior (El petit Nicol\u00e0s).<br \/>\nEl treball consisteix en escoltar&hellip;  <a href=\"https:\/\/agora.xtec.cat\/zer-pedrera\/portada\/lectura-en-veu-alta\/\" title=\"Read Lectura en Veu Alta\">Llegeix m\u00e9s\u00bb<\/a><\/p>\n","protected":false},"author":1,"featured_media":4724,"comment_status":"open","ping_status":"closed","sticky":false,"template":"","format":"standard","meta":{"_bbp_topic_count":0,"_bbp_reply_count":0,"_bbp_total_topic_count":0,"_bbp_total_reply_count":0,"_bbp_voice_count":0,"_bbp_anonymous_reply_count":0,"_bbp_topic_count_hidden":0,"_bbp_reply_count_hidden":0,"_bbp_forum_subforum_count":0,"footnotes":""},"categories":[125,111,29,89],"tags":[],"class_list":["post-4723","post","type-post","status-publish","format-standard","has-post-thumbnail","hentry","category-catala","category-escola-porcel-de-cervera","category-portada","category-primaria"],"post_mailing_queue_ids":[],"_links":{"self":[{"href":"https:\/\/agora.xtec.cat\/zer-pedrera\/wp-json\/wp\/v2\/posts\/4723","targetHints":{"allow":["GET"]}}],"collection":[{"href":"https:\/\/agora.xtec.cat\/zer-pedrera\/wp-json\/wp\/v2\/posts"}],"about":[{"href":"https:\/\/agora.xtec.cat\/zer-pedrera\/wp-json\/wp\/v2\/types\/post"}],"author":[{"embeddable":true,"href":"https:\/\/agora.xtec.cat\/zer-pedrera\/wp-json\/wp\/v2\/users\/1"}],"replies":[{"embeddable":true,"href":"https:\/\/agora.xtec.cat\/zer-pedrera\/wp-json\/wp\/v2\/comments?post=4723"}],"version-history":[{"count":1,"href":"https:\/\/agora.xtec.cat\/zer-pedrera\/wp-json\/wp\/v2\/posts\/4723\/revisions"}],"predecessor-version":[{"id":4725,"href":"https:\/\/agora.xtec.cat\/zer-pedrera\/wp-json\/wp\/v2\/posts\/4723\/revisions\/4725"}],"wp:featuredmedia":[{"embeddable":true,"href":"https:\/\/agora.xtec.cat\/zer-pedrera\/wp-json\/wp\/v2\/media\/4724"}],"wp:attachment":[{"href":"https:\/\/agora.xtec.cat\/zer-pedrera\/wp-json\/wp\/v2\/media?parent=4723"}],"wp:term":[{"taxonomy":"category","embeddable":true,"href":"https:\/\/agora.xtec.cat\/zer-pedrera\/wp-json\/wp\/v2\/categories?post=4723"},{"taxonomy":"post_tag","embeddable":true,"href":"https:\/\/agora.xtec.cat\/zer-pedrera\/wp-json\/wp\/v2\/tags?post=4723"}],"curies":[{"name":"wp","href":"https:\/\/api.w.org\/{rel}","templated":true}]}}