{"id":4712,"date":"2021-10-14T19:13:52","date_gmt":"2021-10-14T17:13:52","guid":{"rendered":"https:\/\/agora.xtec.cat\/zer-pedrera\/?p=4712"},"modified":"2022-01-16T21:57:09","modified_gmt":"2022-01-16T20:57:09","slug":"ei-de-lescola-abat-ruera-taller-del-tacte","status":"publish","type":"post","link":"https:\/\/agora.xtec.cat\/zer-pedrera\/general\/ei-de-lescola-abat-ruera-taller-del-tacte\/","title":{"rendered":"EI de l&#8217;Escola Abat Ruera. Taller del tacte"},"content":{"rendered":"<p>El dia 7 d&#8217;octubre, els alumnes d&#8217;Educaci\u00f3 Infantil van fer un taller sobre el tacte. Sense veure els diferents objectes (nom\u00e9s els podien tocar), havien d&#8217;endevinar qu\u00e8 eren, anomenar-los&#8230; Costava una mica amb els ulls tancats!!!<\/p>\n<p>S&#8217;ho van passar molt b\u00e9! Cliqueu damunt de la imatge i veure m\u00e9s fotografies.<\/p>\n<p><a href=\"https:\/\/photos.app.goo.gl\/UvDtfqLJksMF1Fw19\" target=\"_blank\" rel=\"noopener\"><img loading=\"lazy\" decoding=\"async\" class=\"aligncenter size-full wp-image-4713\" src=\"https:\/\/agora.xtec.cat\/zer-pedrera\/wp-content\/uploads\/usu1473\/2021\/10\/1634227803809-mini.jpg\" alt=\"\" width=\"682\" height=\"383\" srcset=\"https:\/\/agora.xtec.cat\/zer-pedrera\/wp-content\/uploads\/usu1473\/2021\/10\/1634227803809-mini.jpg 682w, https:\/\/agora.xtec.cat\/zer-pedrera\/wp-content\/uploads\/usu1473\/2021\/10\/1634227803809-mini-300x168.jpg 300w\" sizes=\"auto, (max-width: 682px) 100vw, 682px\" \/><\/a><\/p>\n","protected":false},"excerpt":{"rendered":"<p>El dia 7 d&#8217;octubre, els alumnes d&#8217;Educaci\u00f3 Infantil van fer un taller sobre el tacte. Sense veure els diferents objectes (nom\u00e9s els podien tocar), havien d&#8217;endevinar qu\u00e8 eren, anomenar-los&#8230; Costava una mica amb els ulls tancats!!!<br \/>\nS&#8217;ho van passar molt b\u00e9! Cliqueu damunt de la imatge&hellip;  <a href=\"https:\/\/agora.xtec.cat\/zer-pedrera\/general\/ei-de-lescola-abat-ruera-taller-del-tacte\/\" title=\"Read EI de l&#8217;Escola Abat Ruera. Taller del tacte\">Llegeix m\u00e9s\u00bb<\/a><\/p>\n","protected":false},"author":1,"featured_media":4713,"comment_status":"open","ping_status":"closed","sticky":false,"template":"","format":"standard","meta":{"_bbp_topic_count":0,"_bbp_reply_count":0,"_bbp_total_topic_count":0,"_bbp_total_reply_count":0,"_bbp_voice_count":0,"_bbp_anonymous_reply_count":0,"_bbp_topic_count_hidden":0,"_bbp_reply_count_hidden":0,"_bbp_forum_subforum_count":0,"footnotes":""},"categories":[113,110,1,29,89],"tags":[],"class_list":["post-4712","post","type-post","status-publish","format-standard","has-post-thumbnail","hentry","category-e-infantil","category-escola-abat-ruera","category-general","category-portada","category-primaria"],"post_mailing_queue_ids":[],"_links":{"self":[{"href":"https:\/\/agora.xtec.cat\/zer-pedrera\/wp-json\/wp\/v2\/posts\/4712","targetHints":{"allow":["GET"]}}],"collection":[{"href":"https:\/\/agora.xtec.cat\/zer-pedrera\/wp-json\/wp\/v2\/posts"}],"about":[{"href":"https:\/\/agora.xtec.cat\/zer-pedrera\/wp-json\/wp\/v2\/types\/post"}],"author":[{"embeddable":true,"href":"https:\/\/agora.xtec.cat\/zer-pedrera\/wp-json\/wp\/v2\/users\/1"}],"replies":[{"embeddable":true,"href":"https:\/\/agora.xtec.cat\/zer-pedrera\/wp-json\/wp\/v2\/comments?post=4712"}],"version-history":[{"count":3,"href":"https:\/\/agora.xtec.cat\/zer-pedrera\/wp-json\/wp\/v2\/posts\/4712\/revisions"}],"predecessor-version":[{"id":5019,"href":"https:\/\/agora.xtec.cat\/zer-pedrera\/wp-json\/wp\/v2\/posts\/4712\/revisions\/5019"}],"wp:featuredmedia":[{"embeddable":true,"href":"https:\/\/agora.xtec.cat\/zer-pedrera\/wp-json\/wp\/v2\/media\/4713"}],"wp:attachment":[{"href":"https:\/\/agora.xtec.cat\/zer-pedrera\/wp-json\/wp\/v2\/media?parent=4712"}],"wp:term":[{"taxonomy":"category","embeddable":true,"href":"https:\/\/agora.xtec.cat\/zer-pedrera\/wp-json\/wp\/v2\/categories?post=4712"},{"taxonomy":"post_tag","embeddable":true,"href":"https:\/\/agora.xtec.cat\/zer-pedrera\/wp-json\/wp\/v2\/tags?post=4712"}],"curies":[{"name":"wp","href":"https:\/\/api.w.org\/{rel}","templated":true}]}}