{"id":4695,"date":"2021-10-13T19:13:19","date_gmt":"2021-10-13T17:13:19","guid":{"rendered":"https:\/\/agora.xtec.cat\/zer-pedrera\/?p=4695"},"modified":"2021-10-13T19:13:58","modified_gmt":"2021-10-13T17:13:58","slug":"treballem-les-emocions-teatre-porcel-de-cervera","status":"publish","type":"post","link":"https:\/\/agora.xtec.cat\/zer-pedrera\/portada\/treballem-les-emocions-teatre-porcel-de-cervera\/","title":{"rendered":"TREBALLEM LES EMOCIONS-TEATRE-PORCEL DE CERVERA"},"content":{"rendered":"<p>Amb l&#8217;alumnat d&#8217;Educaci\u00f3 infantil i de 2n de Prim\u00e0ria treballem les emocions mitjan\u00e7ant un conte, una llegenda o una historieta.<\/p>\n<p>Aquesta passada setmana vam explicar el conte anomenat un &#8220;UN MIRALL AL COR&#8221; i despr\u00e9s d&#8217;escoltar-lo i parlar-ne vam fer una representaci\u00f3 de les tres situacions que s&#8217;hi narraven.<\/p>\n<p>Fer teatre els encanta, s\u00f3n molt expressius.<\/p>\n<p>Ens ho vam passar molt b\u00e9.<\/p>\n<p>Per veure les fotos cliqueu damunt la imatge.<a href=\"https:\/\/photos.app.goo.gl\/UvTFJ97N55AxYwG2A\" target=\"_blank\" rel=\"noopener\"><img loading=\"lazy\" decoding=\"async\" class=\"wp-image-4696 aligncenter\" src=\"https:\/\/agora.xtec.cat\/zer-pedrera\/wp-content\/uploads\/usu1473\/2021\/10\/foto-mirall-al-cor-1024x576.jpg\" alt=\"\" width=\"379\" height=\"213\" srcset=\"https:\/\/agora.xtec.cat\/zer-pedrera\/wp-content\/uploads\/usu1473\/2021\/10\/foto-mirall-al-cor-1024x576.jpg 1024w, https:\/\/agora.xtec.cat\/zer-pedrera\/wp-content\/uploads\/usu1473\/2021\/10\/foto-mirall-al-cor-300x169.jpg 300w, https:\/\/agora.xtec.cat\/zer-pedrera\/wp-content\/uploads\/usu1473\/2021\/10\/foto-mirall-al-cor-768x432.jpg 768w, https:\/\/agora.xtec.cat\/zer-pedrera\/wp-content\/uploads\/usu1473\/2021\/10\/foto-mirall-al-cor-1536x864.jpg 1536w, https:\/\/agora.xtec.cat\/zer-pedrera\/wp-content\/uploads\/usu1473\/2021\/10\/foto-mirall-al-cor-2048x1152.jpg 2048w\" sizes=\"auto, (max-width: 379px) 100vw, 379px\" \/><\/a><\/p>\n","protected":false},"excerpt":{"rendered":"<p>Amb l&#8217;alumnat d&#8217;Educaci\u00f3 infantil i de 2n de Prim\u00e0ria treballem les emocions mitjan\u00e7ant un conte, una llegenda o una historieta.<br \/>\nAquesta passada setmana vam explicar el conte anomenat un &#8220;UN MIRALL AL COR&#8221; i despr\u00e9s d&#8217;escoltar-lo i parlar-ne vam fer una representaci\u00f3 de les tres situacions&hellip;  <a href=\"https:\/\/agora.xtec.cat\/zer-pedrera\/portada\/treballem-les-emocions-teatre-porcel-de-cervera\/\" title=\"Read TREBALLEM LES EMOCIONS-TEATRE-PORCEL DE CERVERA\">Llegeix m\u00e9s\u00bb<\/a><\/p>\n","protected":false},"author":1,"featured_media":4696,"comment_status":"open","ping_status":"closed","sticky":false,"template":"","format":"standard","meta":{"_bbp_topic_count":0,"_bbp_reply_count":0,"_bbp_total_topic_count":0,"_bbp_total_reply_count":0,"_bbp_voice_count":0,"_bbp_anonymous_reply_count":0,"_bbp_topic_count_hidden":0,"_bbp_reply_count_hidden":0,"_bbp_forum_subforum_count":0,"footnotes":""},"categories":[113,145,111,29,89,122],"tags":[187,188,183,175],"class_list":["post-4695","post","type-post","status-publish","format-standard","has-post-thumbnail","hentry","category-e-infantil","category-educacio-en-valors","category-escola-porcel-de-cervera","category-portada","category-primaria","category-valors","tag-educacio-infantil","tag-emocions","tag-primaria","tag-valors"],"post_mailing_queue_ids":[],"_links":{"self":[{"href":"https:\/\/agora.xtec.cat\/zer-pedrera\/wp-json\/wp\/v2\/posts\/4695","targetHints":{"allow":["GET"]}}],"collection":[{"href":"https:\/\/agora.xtec.cat\/zer-pedrera\/wp-json\/wp\/v2\/posts"}],"about":[{"href":"https:\/\/agora.xtec.cat\/zer-pedrera\/wp-json\/wp\/v2\/types\/post"}],"author":[{"embeddable":true,"href":"https:\/\/agora.xtec.cat\/zer-pedrera\/wp-json\/wp\/v2\/users\/1"}],"replies":[{"embeddable":true,"href":"https:\/\/agora.xtec.cat\/zer-pedrera\/wp-json\/wp\/v2\/comments?post=4695"}],"version-history":[{"count":3,"href":"https:\/\/agora.xtec.cat\/zer-pedrera\/wp-json\/wp\/v2\/posts\/4695\/revisions"}],"predecessor-version":[{"id":4700,"href":"https:\/\/agora.xtec.cat\/zer-pedrera\/wp-json\/wp\/v2\/posts\/4695\/revisions\/4700"}],"wp:featuredmedia":[{"embeddable":true,"href":"https:\/\/agora.xtec.cat\/zer-pedrera\/wp-json\/wp\/v2\/media\/4696"}],"wp:attachment":[{"href":"https:\/\/agora.xtec.cat\/zer-pedrera\/wp-json\/wp\/v2\/media?parent=4695"}],"wp:term":[{"taxonomy":"category","embeddable":true,"href":"https:\/\/agora.xtec.cat\/zer-pedrera\/wp-json\/wp\/v2\/categories?post=4695"},{"taxonomy":"post_tag","embeddable":true,"href":"https:\/\/agora.xtec.cat\/zer-pedrera\/wp-json\/wp\/v2\/tags?post=4695"}],"curies":[{"name":"wp","href":"https:\/\/api.w.org\/{rel}","templated":true}]}}