{"id":4688,"date":"2021-10-13T11:35:55","date_gmt":"2021-10-13T09:35:55","guid":{"rendered":"https:\/\/agora.xtec.cat\/zer-pedrera\/?p=4688"},"modified":"2021-12-16T19:55:40","modified_gmt":"2021-12-16T18:55:40","slug":"escola-abat-ruera-dia-internacional-del-correu","status":"publish","type":"post","link":"https:\/\/agora.xtec.cat\/zer-pedrera\/general\/escola-abat-ruera-dia-internacional-del-correu\/","title":{"rendered":"Escola Abat Ruera. Dia Internacional del Correu"},"content":{"rendered":"<p>Instaurat per primera vegada l\u2019any 1969, la UPU (Uni\u00f3 Postal Universal) va declarar el 9 d\u2019octubre com a Dia Mundial del Correu. Aquesta instituci\u00f3, establerta en 1874 i a Su\u00efssa, \u00e9s la segona organitzaci\u00f3 internacional m\u00e9s antiga en l\u2019\u00e0mbit mundial.\u00a0El prop\u00f2sit principal d\u2019aquest dia \u00e9s el de conscienciar i recordar sobre la rellev\u00e0ncia del sector postal en el m\u00f3n, per la seva contribuci\u00f3 al desenvolupament social i econ\u00f2mic dels pa\u00efsos. La correspond\u00e8ncia \u00e9s important tant com a treball, forma, canal o mitj\u00e0 per comunicar-se.<\/p>\n<p>Nosaltres com a escola hem volgut participar escrivint les nostres pr\u00f2pies cartes. Hem descobert com \u00e9s l&#8217;estructura formal d&#8217;una carta, el qu\u00e8 s&#8217;ha d&#8217;escriure en un sobre i la import\u00e0ncia del segell. Ha estat una experi\u00e8ncia molt motivadora!!! Cliqueu damunt de la imatge per veure les fotografies d&#8217;aquest dia!!!<\/p>\n<p><a href=\"https:\/\/photos.app.goo.gl\/WepBArTY6NHqVSPW7\" target=\"_blank\" rel=\"noopener\"><img loading=\"lazy\" decoding=\"async\" class=\"size-full wp-image-4689 aligncenter\" src=\"https:\/\/agora.xtec.cat\/zer-pedrera\/wp-content\/uploads\/usu1473\/2021\/10\/recupera-el-romanticismo-de-las-postales-escritas-a-mano-con-postcrossing.jpeg\" alt=\"\" width=\"656\" height=\"370\" srcset=\"https:\/\/agora.xtec.cat\/zer-pedrera\/wp-content\/uploads\/usu1473\/2021\/10\/recupera-el-romanticismo-de-las-postales-escritas-a-mano-con-postcrossing.jpeg 656w, https:\/\/agora.xtec.cat\/zer-pedrera\/wp-content\/uploads\/usu1473\/2021\/10\/recupera-el-romanticismo-de-las-postales-escritas-a-mano-con-postcrossing-300x169.jpeg 300w\" sizes=\"auto, (max-width: 656px) 100vw, 656px\" \/><\/a><\/p>\n<p>&nbsp;<\/p>\n<p>&nbsp;<\/p>\n","protected":false},"excerpt":{"rendered":"<p>Instaurat per primera vegada l\u2019any 1969, la UPU (Uni\u00f3 Postal Universal) va declarar el 9 d\u2019octubre com a Dia Mundial del Correu. Aquesta instituci\u00f3, establerta en 1874 i a Su\u00efssa, \u00e9s la segona organitzaci\u00f3 internacional m\u00e9s antiga en l\u2019\u00e0mbit mundial.\u00a0El prop\u00f2sit principal d\u2019aquest dia \u00e9s&hellip;  <a href=\"https:\/\/agora.xtec.cat\/zer-pedrera\/general\/escola-abat-ruera-dia-internacional-del-correu\/\" title=\"Read Escola Abat Ruera. Dia Internacional del Correu\">Llegeix m\u00e9s\u00bb<\/a><\/p>\n","protected":false},"author":1,"featured_media":4689,"comment_status":"open","ping_status":"closed","sticky":false,"template":"","format":"standard","meta":{"_bbp_topic_count":0,"_bbp_reply_count":0,"_bbp_total_topic_count":0,"_bbp_total_reply_count":0,"_bbp_voice_count":0,"_bbp_anonymous_reply_count":0,"_bbp_topic_count_hidden":0,"_bbp_reply_count_hidden":0,"_bbp_forum_subforum_count":0,"footnotes":""},"categories":[110,1,29,89],"tags":[],"class_list":["post-4688","post","type-post","status-publish","format-standard","has-post-thumbnail","hentry","category-escola-abat-ruera","category-general","category-portada","category-primaria"],"post_mailing_queue_ids":[],"_links":{"self":[{"href":"https:\/\/agora.xtec.cat\/zer-pedrera\/wp-json\/wp\/v2\/posts\/4688","targetHints":{"allow":["GET"]}}],"collection":[{"href":"https:\/\/agora.xtec.cat\/zer-pedrera\/wp-json\/wp\/v2\/posts"}],"about":[{"href":"https:\/\/agora.xtec.cat\/zer-pedrera\/wp-json\/wp\/v2\/types\/post"}],"author":[{"embeddable":true,"href":"https:\/\/agora.xtec.cat\/zer-pedrera\/wp-json\/wp\/v2\/users\/1"}],"replies":[{"embeddable":true,"href":"https:\/\/agora.xtec.cat\/zer-pedrera\/wp-json\/wp\/v2\/comments?post=4688"}],"version-history":[{"count":3,"href":"https:\/\/agora.xtec.cat\/zer-pedrera\/wp-json\/wp\/v2\/posts\/4688\/revisions"}],"predecessor-version":[{"id":5095,"href":"https:\/\/agora.xtec.cat\/zer-pedrera\/wp-json\/wp\/v2\/posts\/4688\/revisions\/5095"}],"wp:featuredmedia":[{"embeddable":true,"href":"https:\/\/agora.xtec.cat\/zer-pedrera\/wp-json\/wp\/v2\/media\/4689"}],"wp:attachment":[{"href":"https:\/\/agora.xtec.cat\/zer-pedrera\/wp-json\/wp\/v2\/media?parent=4688"}],"wp:term":[{"taxonomy":"category","embeddable":true,"href":"https:\/\/agora.xtec.cat\/zer-pedrera\/wp-json\/wp\/v2\/categories?post=4688"},{"taxonomy":"post_tag","embeddable":true,"href":"https:\/\/agora.xtec.cat\/zer-pedrera\/wp-json\/wp\/v2\/tags?post=4688"}],"curies":[{"name":"wp","href":"https:\/\/api.w.org\/{rel}","templated":true}]}}