{"id":4670,"date":"2021-10-06T17:59:09","date_gmt":"2021-10-06T15:59:09","guid":{"rendered":"https:\/\/agora.xtec.cat\/zer-pedrera\/?p=4670"},"modified":"2021-10-06T17:59:36","modified_gmt":"2021-10-06T15:59:36","slug":"per-fi-podem-tornar-al-bibliobus-escola-porcel-de-cervera","status":"publish","type":"post","link":"https:\/\/agora.xtec.cat\/zer-pedrera\/portada\/per-fi-podem-tornar-al-bibliobus-escola-porcel-de-cervera\/","title":{"rendered":"Per fi podem tornar al Bibliob\u00fas!!!! Escola Porcel de Cervera"},"content":{"rendered":"<p>Despr\u00e9s de m\u00e9s d&#8217;un any i mig sense poder anar al Bibliob\u00fas, aquesta setmana ens va trucar la Carme per a dir-nos que de nou pod\u00edem entrar, remenar i endur-nos llibres cap a casa i cap a l&#8217;escola.<\/p>\n<p>La veritat \u00e9s que vam estar molt contents amb la not\u00edcia i, sense esperar m\u00e9s, despr\u00e9s del pati hi vam anar. Primer van anar els alumnes de cicle mitj\u00e0 i superior que no vam pensar a fer-nos fotos i despr\u00e9s van anar els alumnes d&#8217;infantil i cicle inicial dels que s\u00ed teniu un recull d&#8217;imatges.<\/p>\n<p>Alguns de nosaltres era la primera vegada que hi an\u00e0vem i l&#8217;experi\u00e8ncia ens va agradar molt.<\/p>\n<p>Ara a esperar el mes de novembre per poder tornar a visitar-lo.<\/p>\n<p>Les imatges <a href=\"https:\/\/photos.app.goo.gl\/SsxMLDsaFVX1K1b88\">AQU\u00cd.<img loading=\"lazy\" decoding=\"async\" class=\"aligncenter size-full wp-image-4671\" src=\"https:\/\/agora.xtec.cat\/zer-pedrera\/wp-content\/uploads\/usu1473\/2021\/10\/100.jpg\" alt=\"\" width=\"480\" height=\"360\" srcset=\"https:\/\/agora.xtec.cat\/zer-pedrera\/wp-content\/uploads\/usu1473\/2021\/10\/100.jpg 480w, https:\/\/agora.xtec.cat\/zer-pedrera\/wp-content\/uploads\/usu1473\/2021\/10\/100-300x225.jpg 300w, https:\/\/agora.xtec.cat\/zer-pedrera\/wp-content\/uploads\/usu1473\/2021\/10\/100-200x150.jpg 200w\" sizes=\"auto, (max-width: 480px) 100vw, 480px\" \/><\/a><\/p>\n","protected":false},"excerpt":{"rendered":"<p>Despr\u00e9s de m\u00e9s d&#8217;un any i mig sense poder anar al Bibliob\u00fas, aquesta setmana ens va trucar la Carme per a dir-nos que de nou pod\u00edem entrar, remenar i endur-nos llibres cap a casa i cap a l&#8217;escola.<br \/>\nLa veritat \u00e9s que vam estar molt contents&hellip;  <a href=\"https:\/\/agora.xtec.cat\/zer-pedrera\/portada\/per-fi-podem-tornar-al-bibliobus-escola-porcel-de-cervera\/\" title=\"Read Per fi podem tornar al Bibliob\u00fas!!!! Escola Porcel de Cervera\">Llegeix m\u00e9s\u00bb<\/a><\/p>\n","protected":false},"author":1,"featured_media":4671,"comment_status":"open","ping_status":"closed","sticky":false,"template":"","format":"standard","meta":{"_bbp_topic_count":0,"_bbp_reply_count":0,"_bbp_total_topic_count":0,"_bbp_total_reply_count":0,"_bbp_voice_count":0,"_bbp_anonymous_reply_count":0,"_bbp_topic_count_hidden":0,"_bbp_reply_count_hidden":0,"_bbp_forum_subforum_count":0,"footnotes":""},"categories":[111,29,89],"tags":[],"class_list":["post-4670","post","type-post","status-publish","format-standard","has-post-thumbnail","hentry","category-escola-porcel-de-cervera","category-portada","category-primaria"],"post_mailing_queue_ids":[],"_links":{"self":[{"href":"https:\/\/agora.xtec.cat\/zer-pedrera\/wp-json\/wp\/v2\/posts\/4670","targetHints":{"allow":["GET"]}}],"collection":[{"href":"https:\/\/agora.xtec.cat\/zer-pedrera\/wp-json\/wp\/v2\/posts"}],"about":[{"href":"https:\/\/agora.xtec.cat\/zer-pedrera\/wp-json\/wp\/v2\/types\/post"}],"author":[{"embeddable":true,"href":"https:\/\/agora.xtec.cat\/zer-pedrera\/wp-json\/wp\/v2\/users\/1"}],"replies":[{"embeddable":true,"href":"https:\/\/agora.xtec.cat\/zer-pedrera\/wp-json\/wp\/v2\/comments?post=4670"}],"version-history":[{"count":3,"href":"https:\/\/agora.xtec.cat\/zer-pedrera\/wp-json\/wp\/v2\/posts\/4670\/revisions"}],"predecessor-version":[{"id":4674,"href":"https:\/\/agora.xtec.cat\/zer-pedrera\/wp-json\/wp\/v2\/posts\/4670\/revisions\/4674"}],"wp:featuredmedia":[{"embeddable":true,"href":"https:\/\/agora.xtec.cat\/zer-pedrera\/wp-json\/wp\/v2\/media\/4671"}],"wp:attachment":[{"href":"https:\/\/agora.xtec.cat\/zer-pedrera\/wp-json\/wp\/v2\/media?parent=4670"}],"wp:term":[{"taxonomy":"category","embeddable":true,"href":"https:\/\/agora.xtec.cat\/zer-pedrera\/wp-json\/wp\/v2\/categories?post=4670"},{"taxonomy":"post_tag","embeddable":true,"href":"https:\/\/agora.xtec.cat\/zer-pedrera\/wp-json\/wp\/v2\/tags?post=4670"}],"curies":[{"name":"wp","href":"https:\/\/api.w.org\/{rel}","templated":true}]}}