{"id":4636,"date":"2021-10-04T22:16:53","date_gmt":"2021-10-04T20:16:53","guid":{"rendered":"https:\/\/agora.xtec.cat\/zer-pedrera\/?p=4636"},"modified":"2021-10-04T22:16:53","modified_gmt":"2021-10-04T20:16:53","slug":"linies-i-mes-linies-ei-i-ci-porcel-de-cervera","status":"publish","type":"post","link":"https:\/\/agora.xtec.cat\/zer-pedrera\/portada\/linies-i-mes-linies-ei-i-ci-porcel-de-cervera\/","title":{"rendered":"L\u00ednies i m\u00e9s l\u00ednies. EI i CI Porcel de Cervera."},"content":{"rendered":"<p>Avui us vull compartir una activitat de geometria que hem realitzat a la classe aquesta setmana.<\/p>\n<p>Primer de tot vam parlar dels diferents tipus de l\u00ednies, tot dibuixant-ne a la pissarra i discriminant de quin tipus era cadascuna. Un cop fet aix\u00f2, els nens van experimentar amb diferents materials (llana, escurapipes, bastonets de fusta i cordill) i cadasc\u00fa va crear les seves l\u00ednies identificant de quin tipus era cadascuna.<\/p>\n<p>El poder manipular diferents materials els va fer adonar que no amb tots ells es podien fer tots els tipus de l\u00ednies.<\/p>\n<p><img loading=\"lazy\" decoding=\"async\" class=\"aligncenter wp-image-4640\" src=\"https:\/\/agora.xtec.cat\/zer-pedrera\/wp-content\/uploads\/usu1473\/2021\/10\/1.jpg\" alt=\"\" width=\"352\" height=\"219\" srcset=\"https:\/\/agora.xtec.cat\/zer-pedrera\/wp-content\/uploads\/usu1473\/2021\/10\/1.jpg 996w, https:\/\/agora.xtec.cat\/zer-pedrera\/wp-content\/uploads\/usu1473\/2021\/10\/1-300x187.jpg 300w, https:\/\/agora.xtec.cat\/zer-pedrera\/wp-content\/uploads\/usu1473\/2021\/10\/1-768x479.jpg 768w\" sizes=\"auto, (max-width: 352px) 100vw, 352px\" \/><\/p>\n<p>Les imatges de l&#8217;activitat clicant <a href=\"https:\/\/photos.app.goo.gl\/tQgKNB2fc9kSUN2x7\">AQU\u00ed<\/a>.<\/p>\n<p>&nbsp;<\/p>\n","protected":false},"excerpt":{"rendered":"<p>Avui us vull compartir una activitat de geometria que hem realitzat a la classe aquesta setmana.<br \/>\nPrimer de tot vam parlar dels diferents tipus de l\u00ednies, tot dibuixant-ne a la pissarra i discriminant de quin tipus era cadascuna. Un cop fet aix\u00f2, els nens van experimentar&hellip;  <a href=\"https:\/\/agora.xtec.cat\/zer-pedrera\/portada\/linies-i-mes-linies-ei-i-ci-porcel-de-cervera\/\" title=\"Read L\u00ednies i m\u00e9s l\u00ednies. EI i CI Porcel de Cervera.\">Llegeix m\u00e9s\u00bb<\/a><\/p>\n","protected":false},"author":1,"featured_media":4640,"comment_status":"open","ping_status":"closed","sticky":false,"template":"","format":"standard","meta":{"_bbp_topic_count":0,"_bbp_reply_count":0,"_bbp_total_topic_count":0,"_bbp_total_reply_count":0,"_bbp_voice_count":0,"_bbp_anonymous_reply_count":0,"_bbp_topic_count_hidden":0,"_bbp_reply_count_hidden":0,"_bbp_forum_subforum_count":0,"footnotes":""},"categories":[113,111,29,89],"tags":[],"class_list":["post-4636","post","type-post","status-publish","format-standard","has-post-thumbnail","hentry","category-e-infantil","category-escola-porcel-de-cervera","category-portada","category-primaria"],"post_mailing_queue_ids":[],"_links":{"self":[{"href":"https:\/\/agora.xtec.cat\/zer-pedrera\/wp-json\/wp\/v2\/posts\/4636","targetHints":{"allow":["GET"]}}],"collection":[{"href":"https:\/\/agora.xtec.cat\/zer-pedrera\/wp-json\/wp\/v2\/posts"}],"about":[{"href":"https:\/\/agora.xtec.cat\/zer-pedrera\/wp-json\/wp\/v2\/types\/post"}],"author":[{"embeddable":true,"href":"https:\/\/agora.xtec.cat\/zer-pedrera\/wp-json\/wp\/v2\/users\/1"}],"replies":[{"embeddable":true,"href":"https:\/\/agora.xtec.cat\/zer-pedrera\/wp-json\/wp\/v2\/comments?post=4636"}],"version-history":[{"count":3,"href":"https:\/\/agora.xtec.cat\/zer-pedrera\/wp-json\/wp\/v2\/posts\/4636\/revisions"}],"predecessor-version":[{"id":4642,"href":"https:\/\/agora.xtec.cat\/zer-pedrera\/wp-json\/wp\/v2\/posts\/4636\/revisions\/4642"}],"wp:featuredmedia":[{"embeddable":true,"href":"https:\/\/agora.xtec.cat\/zer-pedrera\/wp-json\/wp\/v2\/media\/4640"}],"wp:attachment":[{"href":"https:\/\/agora.xtec.cat\/zer-pedrera\/wp-json\/wp\/v2\/media?parent=4636"}],"wp:term":[{"taxonomy":"category","embeddable":true,"href":"https:\/\/agora.xtec.cat\/zer-pedrera\/wp-json\/wp\/v2\/categories?post=4636"},{"taxonomy":"post_tag","embeddable":true,"href":"https:\/\/agora.xtec.cat\/zer-pedrera\/wp-json\/wp\/v2\/tags?post=4636"}],"curies":[{"name":"wp","href":"https:\/\/api.w.org\/{rel}","templated":true}]}}