{"id":4591,"date":"2021-09-13T16:28:59","date_gmt":"2021-09-13T14:28:59","guid":{"rendered":"https:\/\/agora.xtec.cat\/zer-pedrera\/?p=4591"},"modified":"2021-09-13T16:28:59","modified_gmt":"2021-09-13T14:28:59","slug":"benvingudes-i-benvinguts-comenca-el-curs-2021-2022","status":"publish","type":"post","link":"https:\/\/agora.xtec.cat\/zer-pedrera\/general\/benvingudes-i-benvinguts-comenca-el-curs-2021-2022\/","title":{"rendered":"Benvingudes i benvinguts! Comen\u00e7a el curs 2021-2022!!!"},"content":{"rendered":"<p>Les escoles de la ZER obren les seves portes en un context menys incert que l&#8217;any anterior amb l&#8217;objectiu d&#8217;acostar la m\u00e0gia d&#8217;aprendre a totes i tots els alumnes!<\/p>\n<p>De ben segur que ser\u00e0 un curs ple de sorpreses, on la diversi\u00f3, la motivaci\u00f3 i la il\u00b7lusi\u00f3 s&#8217;apoderaran de les aules!<\/p>\n<p>3, 2, 1&#8230;.<\/p>\n<p>COMEN\u00c7A LA M\u00c0GIA!!!<\/p>\n<p><img loading=\"lazy\" decoding=\"async\" class=\"aligncenter size-large wp-image-4592\" src=\"https:\/\/agora.xtec.cat\/zer-pedrera\/wp-content\/uploads\/usu1473\/2021\/09\/FB_IMG_1568267072231-1024x724.jpg\" alt=\"\" width=\"1024\" height=\"724\" srcset=\"https:\/\/agora.xtec.cat\/zer-pedrera\/wp-content\/uploads\/usu1473\/2021\/09\/FB_IMG_1568267072231-1024x724.jpg 1024w, https:\/\/agora.xtec.cat\/zer-pedrera\/wp-content\/uploads\/usu1473\/2021\/09\/FB_IMG_1568267072231-300x212.jpg 300w, https:\/\/agora.xtec.cat\/zer-pedrera\/wp-content\/uploads\/usu1473\/2021\/09\/FB_IMG_1568267072231-768x543.jpg 768w, https:\/\/agora.xtec.cat\/zer-pedrera\/wp-content\/uploads\/usu1473\/2021\/09\/FB_IMG_1568267072231.jpg 1357w\" sizes=\"auto, (max-width: 1024px) 100vw, 1024px\" \/><\/p>\n","protected":false},"excerpt":{"rendered":"<p>Les escoles de la ZER obren les seves portes en un context menys incert que l&#8217;any anterior amb l&#8217;objectiu d&#8217;acostar la m\u00e0gia d&#8217;aprendre a totes i tots els alumnes!<br \/>\nDe ben segur que ser\u00e0 un curs ple de sorpreses, on la diversi\u00f3, la motivaci\u00f3 i la&hellip;  <a href=\"https:\/\/agora.xtec.cat\/zer-pedrera\/general\/benvingudes-i-benvinguts-comenca-el-curs-2021-2022\/\" title=\"Read Benvingudes i benvinguts! Comen\u00e7a el curs 2021-2022!!!\">Llegeix m\u00e9s\u00bb<\/a><\/p>\n","protected":false},"author":1,"featured_media":4592,"comment_status":"open","ping_status":"closed","sticky":false,"template":"","format":"standard","meta":{"_bbp_topic_count":0,"_bbp_reply_count":0,"_bbp_total_topic_count":0,"_bbp_total_reply_count":0,"_bbp_voice_count":0,"_bbp_anonymous_reply_count":0,"_bbp_topic_count_hidden":0,"_bbp_reply_count_hidden":0,"_bbp_forum_subforum_count":0,"footnotes":""},"categories":[113,110,111,1,29,89],"tags":[],"class_list":["post-4591","post","type-post","status-publish","format-standard","has-post-thumbnail","hentry","category-e-infantil","category-escola-abat-ruera","category-escola-porcel-de-cervera","category-general","category-portada","category-primaria"],"post_mailing_queue_ids":[],"_links":{"self":[{"href":"https:\/\/agora.xtec.cat\/zer-pedrera\/wp-json\/wp\/v2\/posts\/4591","targetHints":{"allow":["GET"]}}],"collection":[{"href":"https:\/\/agora.xtec.cat\/zer-pedrera\/wp-json\/wp\/v2\/posts"}],"about":[{"href":"https:\/\/agora.xtec.cat\/zer-pedrera\/wp-json\/wp\/v2\/types\/post"}],"author":[{"embeddable":true,"href":"https:\/\/agora.xtec.cat\/zer-pedrera\/wp-json\/wp\/v2\/users\/1"}],"replies":[{"embeddable":true,"href":"https:\/\/agora.xtec.cat\/zer-pedrera\/wp-json\/wp\/v2\/comments?post=4591"}],"version-history":[{"count":1,"href":"https:\/\/agora.xtec.cat\/zer-pedrera\/wp-json\/wp\/v2\/posts\/4591\/revisions"}],"predecessor-version":[{"id":4593,"href":"https:\/\/agora.xtec.cat\/zer-pedrera\/wp-json\/wp\/v2\/posts\/4591\/revisions\/4593"}],"wp:featuredmedia":[{"embeddable":true,"href":"https:\/\/agora.xtec.cat\/zer-pedrera\/wp-json\/wp\/v2\/media\/4592"}],"wp:attachment":[{"href":"https:\/\/agora.xtec.cat\/zer-pedrera\/wp-json\/wp\/v2\/media?parent=4591"}],"wp:term":[{"taxonomy":"category","embeddable":true,"href":"https:\/\/agora.xtec.cat\/zer-pedrera\/wp-json\/wp\/v2\/categories?post=4591"},{"taxonomy":"post_tag","embeddable":true,"href":"https:\/\/agora.xtec.cat\/zer-pedrera\/wp-json\/wp\/v2\/tags?post=4591"}],"curies":[{"name":"wp","href":"https:\/\/api.w.org\/{rel}","templated":true}]}}