{"id":4564,"date":"2021-06-24T11:13:46","date_gmt":"2021-06-24T09:13:46","guid":{"rendered":"http:\/\/agora.xtec.cat\/zer-pedrera\/?p=4564"},"modified":"2021-06-24T11:27:13","modified_gmt":"2021-06-24T09:27:13","slug":"comiat-als-nens-i-nenes-de-6e-escola-porcel-de-cervera","status":"publish","type":"post","link":"https:\/\/agora.xtec.cat\/zer-pedrera\/general\/comiat-als-nens-i-nenes-de-6e-escola-porcel-de-cervera\/","title":{"rendered":"Comiat als nens i nenes de 6\u00e8. Escola Porcel de Cervera."},"content":{"rendered":"<p>Ahir va \u00e9sser un dia ple d&#8217;emocions. Al tancament d&#8217;un curs, hi afeg\u00edem el comiat dels alumnes que ja han acabat 6\u00e8 i que el curs vinent marxen cap a l&#8217;ESO. Des de l&#8217;escola els vam preparar un petit record amb fotos del seu pas per l&#8217;escola Porcel de Cervera. Esperem que els hagi agradat, tot recordant moments bonics i divertits!!!!<\/p>\n<p>Molta sort en aquesta nova etapa educativa que inicieu!!!!<\/p>\n<p>Recordeu que l&#8217;escola sempre estar\u00e0 oberta i que estarem molt contents i contentes de qu\u00e8 ens vingueu a veure i ens expliqueu com us va.<\/p>\n<p>Una abra\u00e7ada!!!!<\/p>\n<p><img loading=\"lazy\" decoding=\"async\" class=\"aligncenter size-full wp-image-4568\" src=\"https:\/\/agora.xtec.cat\/zer-pedrera\/wp-content\/uploads\/usu1473\/2021\/06\/11.jpg\" alt=\"\" width=\"410\" height=\"232\" srcset=\"https:\/\/agora.xtec.cat\/zer-pedrera\/wp-content\/uploads\/usu1473\/2021\/06\/11.jpg 410w, https:\/\/agora.xtec.cat\/zer-pedrera\/wp-content\/uploads\/usu1473\/2021\/06\/11-300x170.jpg 300w\" sizes=\"auto, (max-width: 410px) 100vw, 410px\" \/><\/p>\n<p>Si voleu veure la presentaci\u00f3 de fotos que els vam fer, cliqueu damunt el seg\u00fcent enlla\u00e7:<\/p>\n<p><a href=\"https:\/\/bit.ly\/35Mr0eS\">https:\/\/bit.ly\/35Mr0eS<\/a><\/p>\n","protected":false},"excerpt":{"rendered":"<p>Ahir va \u00e9sser un dia ple d&#8217;emocions. Al tancament d&#8217;un curs, hi afeg\u00edem el comiat dels alumnes que ja han acabat 6\u00e8 i que el curs vinent marxen cap a l&#8217;ESO. Des de l&#8217;escola els vam preparar un petit record amb fotos del seu pas&hellip;  <a href=\"https:\/\/agora.xtec.cat\/zer-pedrera\/general\/comiat-als-nens-i-nenes-de-6e-escola-porcel-de-cervera\/\" title=\"Read Comiat als nens i nenes de 6\u00e8. Escola Porcel de Cervera.\">Llegeix m\u00e9s\u00bb<\/a><\/p>\n","protected":false},"author":1,"featured_media":4568,"comment_status":"open","ping_status":"closed","sticky":false,"template":"","format":"standard","meta":{"_bbp_topic_count":0,"_bbp_reply_count":0,"_bbp_total_topic_count":0,"_bbp_total_reply_count":0,"_bbp_voice_count":0,"_bbp_anonymous_reply_count":0,"_bbp_topic_count_hidden":0,"_bbp_reply_count_hidden":0,"_bbp_forum_subforum_count":0,"footnotes":""},"categories":[111,1,29,89],"tags":[152],"class_list":["post-4564","post","type-post","status-publish","format-standard","has-post-thumbnail","hentry","category-escola-porcel-de-cervera","category-general","category-portada","category-primaria","tag-escola-porcel-de-cervera"],"post_mailing_queue_ids":[],"_links":{"self":[{"href":"https:\/\/agora.xtec.cat\/zer-pedrera\/wp-json\/wp\/v2\/posts\/4564","targetHints":{"allow":["GET"]}}],"collection":[{"href":"https:\/\/agora.xtec.cat\/zer-pedrera\/wp-json\/wp\/v2\/posts"}],"about":[{"href":"https:\/\/agora.xtec.cat\/zer-pedrera\/wp-json\/wp\/v2\/types\/post"}],"author":[{"embeddable":true,"href":"https:\/\/agora.xtec.cat\/zer-pedrera\/wp-json\/wp\/v2\/users\/1"}],"replies":[{"embeddable":true,"href":"https:\/\/agora.xtec.cat\/zer-pedrera\/wp-json\/wp\/v2\/comments?post=4564"}],"version-history":[{"count":3,"href":"https:\/\/agora.xtec.cat\/zer-pedrera\/wp-json\/wp\/v2\/posts\/4564\/revisions"}],"predecessor-version":[{"id":4572,"href":"https:\/\/agora.xtec.cat\/zer-pedrera\/wp-json\/wp\/v2\/posts\/4564\/revisions\/4572"}],"wp:featuredmedia":[{"embeddable":true,"href":"https:\/\/agora.xtec.cat\/zer-pedrera\/wp-json\/wp\/v2\/media\/4568"}],"wp:attachment":[{"href":"https:\/\/agora.xtec.cat\/zer-pedrera\/wp-json\/wp\/v2\/media?parent=4564"}],"wp:term":[{"taxonomy":"category","embeddable":true,"href":"https:\/\/agora.xtec.cat\/zer-pedrera\/wp-json\/wp\/v2\/categories?post=4564"},{"taxonomy":"post_tag","embeddable":true,"href":"https:\/\/agora.xtec.cat\/zer-pedrera\/wp-json\/wp\/v2\/tags?post=4564"}],"curies":[{"name":"wp","href":"https:\/\/api.w.org\/{rel}","templated":true}]}}