{"id":4552,"date":"2021-06-23T11:36:33","date_gmt":"2021-06-23T09:36:33","guid":{"rendered":"http:\/\/agora.xtec.cat\/zer-pedrera\/?p=4552"},"modified":"2021-06-23T15:56:43","modified_gmt":"2021-06-23T13:56:43","slug":"festa-final-de-curs-escola-porcel-de-cervera","status":"publish","type":"post","link":"https:\/\/agora.xtec.cat\/zer-pedrera\/general\/festa-final-de-curs-escola-porcel-de-cervera\/","title":{"rendered":"FESTA FINAL DE CURS. ESCOLA PORCEL DE CERVERA"},"content":{"rendered":"<p>Ahir vam celebrar la festa de final de curs a l&#8217;escola Porcel de Cervera.<\/p>\n<p>Vam comen\u00e7ar el mati de manera emotiva, passant un v\u00eddeo de comiat als alumnes de 6\u00e8. Llavors vam passar als parlaments i l&#8217;entrega d&#8217;orles i d&#8217;un conte, &#8220;En Mart\u00ed Caparrut&#8221;, als m\u00e9s grans de l&#8217;escola. Tamb\u00e9 es va fer entrega i d&#8217;un diploma Covid a tots els alumnes pel bon comportament que han tingut en aquest curs ple de mesures de seguretat.<\/p>\n<p>L&#8217;AMPA va convidar a tots els alumnes a un bon esmorzar de coques de Sant Joan que els va encantar.\u00a0 Despr\u00e9s vam acabar la jornada amb un taller de globofl\u00e8xia i un de m\u00fasica on s&#8217;ho van passar d&#8217;all\u00f2 m\u00e9s b\u00e9.<\/p>\n<p>Va ser un dia especial, amb molt bones sensacions, ple de records i desitjos.<\/p>\n<p>Per veure fotos cliqueu a la imatge.<\/p>\n<p><a href=\"https:\/\/photos.app.goo.gl\/QgnTt5Mzghn9zuCSA\"><img loading=\"lazy\" decoding=\"async\" class=\"aligncenter size-full wp-image-4553\" src=\"https:\/\/agora.xtec.cat\/zer-pedrera\/wp-content\/uploads\/usu1473\/2021\/06\/foto-blog.jpg\" alt=\"\" width=\"578\" height=\"432\" srcset=\"https:\/\/agora.xtec.cat\/zer-pedrera\/wp-content\/uploads\/usu1473\/2021\/06\/foto-blog.jpg 578w, https:\/\/agora.xtec.cat\/zer-pedrera\/wp-content\/uploads\/usu1473\/2021\/06\/foto-blog-300x224.jpg 300w, https:\/\/agora.xtec.cat\/zer-pedrera\/wp-content\/uploads\/usu1473\/2021\/06\/foto-blog-200x150.jpg 200w\" sizes=\"auto, (max-width: 578px) 100vw, 578px\" \/><\/a><\/p>\n<p>&nbsp;<\/p>\n","protected":false},"excerpt":{"rendered":"<p>Ahir vam celebrar la festa de final de curs a l&#8217;escola Porcel de Cervera.<br \/>\nVam comen\u00e7ar el mati de manera emotiva, passant un v\u00eddeo de comiat als alumnes de 6\u00e8. Llavors vam passar als parlaments i l&#8217;entrega d&#8217;orles i d&#8217;un conte, &#8220;En Mart\u00ed Caparrut&#8221;, als m\u00e9s&hellip;  <a href=\"https:\/\/agora.xtec.cat\/zer-pedrera\/general\/festa-final-de-curs-escola-porcel-de-cervera\/\" title=\"Read FESTA FINAL DE CURS. ESCOLA PORCEL DE CERVERA\">Llegeix m\u00e9s\u00bb<\/a><\/p>\n","protected":false},"author":1,"featured_media":4555,"comment_status":"open","ping_status":"closed","sticky":false,"template":"","format":"standard","meta":{"_bbp_topic_count":0,"_bbp_reply_count":0,"_bbp_total_topic_count":0,"_bbp_total_reply_count":0,"_bbp_voice_count":0,"_bbp_anonymous_reply_count":0,"_bbp_topic_count_hidden":0,"_bbp_reply_count_hidden":0,"_bbp_forum_subforum_count":0,"footnotes":""},"categories":[111,1,29],"tags":[],"class_list":["post-4552","post","type-post","status-publish","format-standard","has-post-thumbnail","hentry","category-escola-porcel-de-cervera","category-general","category-portada"],"post_mailing_queue_ids":[],"_links":{"self":[{"href":"https:\/\/agora.xtec.cat\/zer-pedrera\/wp-json\/wp\/v2\/posts\/4552","targetHints":{"allow":["GET"]}}],"collection":[{"href":"https:\/\/agora.xtec.cat\/zer-pedrera\/wp-json\/wp\/v2\/posts"}],"about":[{"href":"https:\/\/agora.xtec.cat\/zer-pedrera\/wp-json\/wp\/v2\/types\/post"}],"author":[{"embeddable":true,"href":"https:\/\/agora.xtec.cat\/zer-pedrera\/wp-json\/wp\/v2\/users\/1"}],"replies":[{"embeddable":true,"href":"https:\/\/agora.xtec.cat\/zer-pedrera\/wp-json\/wp\/v2\/comments?post=4552"}],"version-history":[{"count":3,"href":"https:\/\/agora.xtec.cat\/zer-pedrera\/wp-json\/wp\/v2\/posts\/4552\/revisions"}],"predecessor-version":[{"id":4557,"href":"https:\/\/agora.xtec.cat\/zer-pedrera\/wp-json\/wp\/v2\/posts\/4552\/revisions\/4557"}],"wp:featuredmedia":[{"embeddable":true,"href":"https:\/\/agora.xtec.cat\/zer-pedrera\/wp-json\/wp\/v2\/media\/4555"}],"wp:attachment":[{"href":"https:\/\/agora.xtec.cat\/zer-pedrera\/wp-json\/wp\/v2\/media?parent=4552"}],"wp:term":[{"taxonomy":"category","embeddable":true,"href":"https:\/\/agora.xtec.cat\/zer-pedrera\/wp-json\/wp\/v2\/categories?post=4552"},{"taxonomy":"post_tag","embeddable":true,"href":"https:\/\/agora.xtec.cat\/zer-pedrera\/wp-json\/wp\/v2\/tags?post=4552"}],"curies":[{"name":"wp","href":"https:\/\/api.w.org\/{rel}","templated":true}]}}