{"id":4495,"date":"2021-06-07T12:37:22","date_gmt":"2021-06-07T10:37:22","guid":{"rendered":"http:\/\/agora.xtec.cat\/zer-pedrera\/?p=4495"},"modified":"2021-06-07T12:37:22","modified_gmt":"2021-06-07T10:37:22","slug":"la-zer-pedrera-va-dexcursio","status":"publish","type":"post","link":"https:\/\/agora.xtec.cat\/zer-pedrera\/general\/la-zer-pedrera-va-dexcursio\/","title":{"rendered":"La ZER Pedrera va d&#8217;excursi\u00f3!!!"},"content":{"rendered":"<p>Els docents de la ZER Pedrera, com moltes d\u2019altres escoles de la nostra comarca, hem optat per organitzar sortides despr\u00e9s de molt temps sense poder-ho fer. Cert que a\u00a0 la nostra ZER nom\u00e9s tenim quatre grups estables, per\u00f2 el\u00a0 fet d\u2019apostar per una sortida de ZER, com la del passat dimecres 2 de juny a la Pobla de C\u00e9rvoles, va ser un petit repte que vam assolir amb certa facilitat. Malauradament, l\u2019objectiu prioritari de les trobades o les sortides conjuntes de ZER no es va poder acomplir at\u00e8s que l\u2019agermanament i\u00a0 l\u2019intercanvi entre les diferents escoles no es va poder materialitzar. La seguretat de l\u2019alumnat i dels docents era la premissa sobre la que es sustentava la sortida; el desenvolupament d\u2019un projecte educatiu com\u00fa, l\u2019optimitzaci\u00f3 de recursos i el sentiment de pertinen\u00e7a a una zona escolar rural foren altres aspectes b\u00e0sics que ens empenyeren a tornar a la normalitat.<\/p>\n<p>Aquest passat dimecres\u00a0 2 de juny doncs, l\u2019alumnat de la ZER Pedrera i els seus docents, vam viatjar fins a la bonica localitat de La Pobla de C\u00e9rvoles.\u00a0 L\u2019objectiu era con\u00e8ixer molt millor les abelles de la m\u00e0 dels apicultors de Cal Gort. Realment, va ser un taller impressionant que no ens va deixar indiferents a cap de nosaltres.<\/p>\n<p><img loading=\"lazy\" decoding=\"async\" class=\"aligncenter size-full wp-image-4496\" src=\"https:\/\/agora.xtec.cat\/zer-pedrera\/wp-content\/uploads\/usu1473\/2021\/06\/20210602_112822.jpg\" alt=\"\" width=\"448\" height=\"202\" srcset=\"https:\/\/agora.xtec.cat\/zer-pedrera\/wp-content\/uploads\/usu1473\/2021\/06\/20210602_112822.jpg 448w, https:\/\/agora.xtec.cat\/zer-pedrera\/wp-content\/uploads\/usu1473\/2021\/06\/20210602_112822-300x135.jpg 300w\" sizes=\"auto, (max-width: 448px) 100vw, 448px\" \/><\/p>\n<p>&nbsp;<\/p>\n<p><strong><span style=\"color: #000000;\">Cliqueu sobre els seg\u00fcents enlla\u00e7os per tal de veure tot el reportatge<\/span><\/strong><\/p>\n<p><a href=\"https:\/\/photos.app.goo.gl\/F7jW2As6pzXjCMT78\" target=\"_blank\" rel=\"noopener noreferrer\"><strong><span style=\"color: #3366ff;\">FOTOGRAFIES DE L&#8217;ESCOLA PORCEL DE CERVERA<\/span><\/strong><\/a><\/p>\n<p><a href=\"https:\/\/photos.app.goo.gl\/k96S2S4UkaufMS497\" target=\"_blank\" rel=\"noopener noreferrer\"><strong><span style=\"color: #3366ff;\">FOTOGRAFIES DE L&#8217;ESCOLA ABAT RUERA<\/span><\/strong><\/a><\/p>\n<p>&nbsp;<\/p>\n","protected":false},"excerpt":{"rendered":"<p>Els docents de la ZER Pedrera, com moltes d\u2019altres escoles de la nostra comarca, hem optat per organitzar sortides despr\u00e9s de molt temps sense poder-ho fer. Cert que a\u00a0 la nostra ZER nom\u00e9s tenim quatre grups estables, per\u00f2 el\u00a0 fet d\u2019apostar per una sortida de&hellip;  <a href=\"https:\/\/agora.xtec.cat\/zer-pedrera\/general\/la-zer-pedrera-va-dexcursio\/\" title=\"Read La ZER Pedrera va d&#8217;excursi\u00f3!!!\">Llegeix m\u00e9s\u00bb<\/a><\/p>\n","protected":false},"author":1,"featured_media":4496,"comment_status":"open","ping_status":"closed","sticky":false,"template":"","format":"standard","meta":{"_bbp_topic_count":0,"_bbp_reply_count":0,"_bbp_total_topic_count":0,"_bbp_total_reply_count":0,"_bbp_voice_count":0,"_bbp_anonymous_reply_count":0,"_bbp_topic_count_hidden":0,"_bbp_reply_count_hidden":0,"_bbp_forum_subforum_count":0,"footnotes":""},"categories":[113,110,111,1,29,89],"tags":[],"class_list":["post-4495","post","type-post","status-publish","format-standard","has-post-thumbnail","hentry","category-e-infantil","category-escola-abat-ruera","category-escola-porcel-de-cervera","category-general","category-portada","category-primaria"],"post_mailing_queue_ids":[],"_links":{"self":[{"href":"https:\/\/agora.xtec.cat\/zer-pedrera\/wp-json\/wp\/v2\/posts\/4495","targetHints":{"allow":["GET"]}}],"collection":[{"href":"https:\/\/agora.xtec.cat\/zer-pedrera\/wp-json\/wp\/v2\/posts"}],"about":[{"href":"https:\/\/agora.xtec.cat\/zer-pedrera\/wp-json\/wp\/v2\/types\/post"}],"author":[{"embeddable":true,"href":"https:\/\/agora.xtec.cat\/zer-pedrera\/wp-json\/wp\/v2\/users\/1"}],"replies":[{"embeddable":true,"href":"https:\/\/agora.xtec.cat\/zer-pedrera\/wp-json\/wp\/v2\/comments?post=4495"}],"version-history":[{"count":2,"href":"https:\/\/agora.xtec.cat\/zer-pedrera\/wp-json\/wp\/v2\/posts\/4495\/revisions"}],"predecessor-version":[{"id":4508,"href":"https:\/\/agora.xtec.cat\/zer-pedrera\/wp-json\/wp\/v2\/posts\/4495\/revisions\/4508"}],"wp:featuredmedia":[{"embeddable":true,"href":"https:\/\/agora.xtec.cat\/zer-pedrera\/wp-json\/wp\/v2\/media\/4496"}],"wp:attachment":[{"href":"https:\/\/agora.xtec.cat\/zer-pedrera\/wp-json\/wp\/v2\/media?parent=4495"}],"wp:term":[{"taxonomy":"category","embeddable":true,"href":"https:\/\/agora.xtec.cat\/zer-pedrera\/wp-json\/wp\/v2\/categories?post=4495"},{"taxonomy":"post_tag","embeddable":true,"href":"https:\/\/agora.xtec.cat\/zer-pedrera\/wp-json\/wp\/v2\/tags?post=4495"}],"curies":[{"name":"wp","href":"https:\/\/api.w.org\/{rel}","templated":true}]}}