{"id":4492,"date":"2021-06-07T12:13:25","date_gmt":"2021-06-07T10:13:25","guid":{"rendered":"http:\/\/agora.xtec.cat\/zer-pedrera\/?p=4492"},"modified":"2021-06-07T12:14:40","modified_gmt":"2021-06-07T10:14:40","slug":"collim-enciams-de-lhort-mmmmmmmm","status":"publish","type":"post","link":"https:\/\/agora.xtec.cat\/zer-pedrera\/general\/collim-enciams-de-lhort-mmmmmmmm\/","title":{"rendered":"Collim enciams de l&#8217;hort! Mmmmmmmm!"},"content":{"rendered":"<p>I per fi&#8230; Ja collim els enciams de l&#8217;hort!!!<\/p>\n<p>Abans de collir els nostres enciams vam escoltar a l&#8217;Ariadna i a la Martina explicant moltes coses que desconeix\u00edem sobre aquesta planta: varietats, com es podia menjar,&#8230;<br \/>\nI despr\u00e9s vam haver de fer molta for\u00e7a per arrencar-los del s\u00f2l.<br \/>\nEls raves que vam collir l&#8217;altra setmana van sortir amb m\u00e9s facilitat, tenien l&#8217;arrel m\u00e9s prima!<\/p>\n<p><strong>Cliqueu sobre la imatge per veure el reportatge fotogr\u00e0fic de l&#8217;activitat.<\/strong><\/p>\n<p><a href=\"https:\/\/photos.app.goo.gl\/Zznqtgb1ADWCTLJD6\" target=\"_blank\" rel=\"noopener noreferrer\"><img loading=\"lazy\" decoding=\"async\" class=\"aligncenter size-full wp-image-4493\" src=\"https:\/\/agora.xtec.cat\/zer-pedrera\/wp-content\/uploads\/usu1473\/2021\/06\/IMG-20210607-WA0016.jpg\" alt=\"\" width=\"448\" height=\"252\" srcset=\"https:\/\/agora.xtec.cat\/zer-pedrera\/wp-content\/uploads\/usu1473\/2021\/06\/IMG-20210607-WA0016.jpg 448w, https:\/\/agora.xtec.cat\/zer-pedrera\/wp-content\/uploads\/usu1473\/2021\/06\/IMG-20210607-WA0016-300x169.jpg 300w\" sizes=\"auto, (max-width: 448px) 100vw, 448px\" \/><\/a><\/p>\n","protected":false},"excerpt":{"rendered":"<p>I per fi&#8230; Ja collim els enciams de l&#8217;hort!!!<br \/>\nAbans de collir els nostres enciams vam escoltar a l&#8217;Ariadna i a la Martina explicant moltes coses que desconeix\u00edem sobre aquesta planta: varietats, com es podia menjar,&#8230;<br \/>\nI despr\u00e9s vam haver de fer molta for\u00e7a per arrencar-los del&hellip;  <a href=\"https:\/\/agora.xtec.cat\/zer-pedrera\/general\/collim-enciams-de-lhort-mmmmmmmm\/\" title=\"Read Collim enciams de l&#8217;hort! Mmmmmmmm!\">Llegeix m\u00e9s\u00bb<\/a><\/p>\n","protected":false},"author":1,"featured_media":4493,"comment_status":"open","ping_status":"closed","sticky":false,"template":"","format":"standard","meta":{"_bbp_topic_count":0,"_bbp_reply_count":0,"_bbp_total_topic_count":0,"_bbp_total_reply_count":0,"_bbp_voice_count":0,"_bbp_anonymous_reply_count":0,"_bbp_topic_count_hidden":0,"_bbp_reply_count_hidden":0,"_bbp_forum_subforum_count":0,"footnotes":""},"categories":[113,110,1,114,29,89],"tags":[],"class_list":["post-4492","post","type-post","status-publish","format-standard","has-post-thumbnail","hentry","category-e-infantil","category-escola-abat-ruera","category-general","category-hort","category-portada","category-primaria"],"post_mailing_queue_ids":[],"_links":{"self":[{"href":"https:\/\/agora.xtec.cat\/zer-pedrera\/wp-json\/wp\/v2\/posts\/4492","targetHints":{"allow":["GET"]}}],"collection":[{"href":"https:\/\/agora.xtec.cat\/zer-pedrera\/wp-json\/wp\/v2\/posts"}],"about":[{"href":"https:\/\/agora.xtec.cat\/zer-pedrera\/wp-json\/wp\/v2\/types\/post"}],"author":[{"embeddable":true,"href":"https:\/\/agora.xtec.cat\/zer-pedrera\/wp-json\/wp\/v2\/users\/1"}],"replies":[{"embeddable":true,"href":"https:\/\/agora.xtec.cat\/zer-pedrera\/wp-json\/wp\/v2\/comments?post=4492"}],"version-history":[{"count":1,"href":"https:\/\/agora.xtec.cat\/zer-pedrera\/wp-json\/wp\/v2\/posts\/4492\/revisions"}],"predecessor-version":[{"id":4494,"href":"https:\/\/agora.xtec.cat\/zer-pedrera\/wp-json\/wp\/v2\/posts\/4492\/revisions\/4494"}],"wp:featuredmedia":[{"embeddable":true,"href":"https:\/\/agora.xtec.cat\/zer-pedrera\/wp-json\/wp\/v2\/media\/4493"}],"wp:attachment":[{"href":"https:\/\/agora.xtec.cat\/zer-pedrera\/wp-json\/wp\/v2\/media?parent=4492"}],"wp:term":[{"taxonomy":"category","embeddable":true,"href":"https:\/\/agora.xtec.cat\/zer-pedrera\/wp-json\/wp\/v2\/categories?post=4492"},{"taxonomy":"post_tag","embeddable":true,"href":"https:\/\/agora.xtec.cat\/zer-pedrera\/wp-json\/wp\/v2\/tags?post=4492"}],"curies":[{"name":"wp","href":"https:\/\/api.w.org\/{rel}","templated":true}]}}