{"id":4486,"date":"2021-06-06T20:55:40","date_gmt":"2021-06-06T18:55:40","guid":{"rendered":"http:\/\/agora.xtec.cat\/zer-pedrera\/?p=4486"},"modified":"2021-06-06T21:13:49","modified_gmt":"2021-06-06T19:13:49","slug":"notiespluga-5-el-reciclaje","status":"publish","type":"post","link":"https:\/\/agora.xtec.cat\/zer-pedrera\/portada\/notiespluga-5-el-reciclaje\/","title":{"rendered":"NOTIESPLUGA-5. EL RECICLAJE"},"content":{"rendered":"<p>NOTIESPLUGA 5: EL RECICLAJE<\/p>\n<p>Os presentamos el \u00faltimo reportaje de este curso.<\/p>\n<p>Esta vez nuestras alumnas han salido a la calle para hacer entrevistas y estas son las conclusiones.<\/p>\n<p>Pod\u00e9is ver las im\u00e1genes de las entrevistas si cicl\u00e1is en la imagen de los micr\u00f3fonos.<\/p>\n<p>Nuestras reporteras han realizado una encuesta sobre <em>el reciclaje <\/em>y c\u00f3mo este afecta, o puede afectar, al medio ambiente.<\/p>\n<p>Las personas del pueblo encuestadas han sido seis.<\/p>\n<p>Las conclusiones han sido:<\/p>\n<p>1- El 83% de los encuestados recicla. El resto\u00a0 recicla s\u00f3lo pl\u00e1sticos y envases.<\/p>\n<p>2- El 83% de los encuestados recicla todo tipo de materiales: vidrio, papeles y cart\u00f3n, envases y fracci\u00f3n org\u00e1nica.<\/p>\n<p>3- En cuanto a la ropa, el 100% de los encuestados reutiliza la ropa \u00a0deposit\u00e1ndola en el contenedor de la ropa, d\u00e1ndola a C\u00e1ritas o reutiliz\u00e1ndola.<\/p>\n<p>4- Respecto a las m\u00e1quinas, el 100% de los encuestados, cuando se estropean, intentan repararlas primeramente y si est\u00e1n inservibles las llevan a la chatarrer\u00eda.<\/p>\n<p>5- Todos los encuestados creen que deber\u00eda ser obligatorio reciclar ya que es necesario y beneficioso para los seres vivos y para nuestro planeta.<\/p>\n<p>Fuera de c\u00e1mara, un entrevistado que trabaja en el \u00e1mbito del reciclaje, nos anunci\u00f3 que, dentro de un a\u00f1o o a\u00f1o y medio, el tipo de reciclaje cambiar\u00e1. Se recoger\u00e1n los residuos en la puerta de las casas y en diferentes d\u00edas de la semana.<\/p>\n<p>Bien, como pod\u00e9is observar, un reportaje muy interesante el que han realizado nuestras reporteras de ciclo medio.<\/p>\n<p>Con un clic sobre la imagen veran las encuestas<\/p>\n<p><a href=\"https:\/\/photos.app.goo.gl\/LmedPEfQTKp2MKZU7\"><img loading=\"lazy\" decoding=\"async\" class=\"aligncenter size-full wp-image-4487\" src=\"https:\/\/agora.xtec.cat\/zer-pedrera\/wp-content\/uploads\/usu1473\/2021\/06\/micros-color.jpg\" alt=\"\" width=\"234\" height=\"216\" \/><\/a><\/p>\n","protected":false},"excerpt":{"rendered":"<p>NOTIESPLUGA 5: EL RECICLAJE<br \/>\nOs presentamos el \u00faltimo reportaje de este curso.<br \/>\nEsta vez nuestras alumnas han salido a la calle para hacer entrevistas y estas son las conclusiones.<br \/>\nPod\u00e9is ver las im\u00e1genes de las entrevistas si cicl\u00e1is en la imagen de los micr\u00f3fonos.<br \/>\nNuestras reporteras han realizado una&hellip;  <a href=\"https:\/\/agora.xtec.cat\/zer-pedrera\/portada\/notiespluga-5-el-reciclaje\/\" title=\"Read NOTIESPLUGA-5. EL RECICLAJE\">Llegeix m\u00e9s\u00bb<\/a><\/p>\n","protected":false},"author":1,"featured_media":4489,"comment_status":"open","ping_status":"closed","sticky":false,"template":"","format":"standard","meta":{"_bbp_topic_count":0,"_bbp_reply_count":0,"_bbp_total_topic_count":0,"_bbp_total_reply_count":0,"_bbp_voice_count":0,"_bbp_anonymous_reply_count":0,"_bbp_topic_count_hidden":0,"_bbp_reply_count_hidden":0,"_bbp_forum_subforum_count":0,"footnotes":""},"categories":[124,111,29],"tags":[],"class_list":["post-4486","post","type-post","status-publish","format-standard","has-post-thumbnail","hentry","category-castella","category-escola-porcel-de-cervera","category-portada"],"post_mailing_queue_ids":[],"_links":{"self":[{"href":"https:\/\/agora.xtec.cat\/zer-pedrera\/wp-json\/wp\/v2\/posts\/4486","targetHints":{"allow":["GET"]}}],"collection":[{"href":"https:\/\/agora.xtec.cat\/zer-pedrera\/wp-json\/wp\/v2\/posts"}],"about":[{"href":"https:\/\/agora.xtec.cat\/zer-pedrera\/wp-json\/wp\/v2\/types\/post"}],"author":[{"embeddable":true,"href":"https:\/\/agora.xtec.cat\/zer-pedrera\/wp-json\/wp\/v2\/users\/1"}],"replies":[{"embeddable":true,"href":"https:\/\/agora.xtec.cat\/zer-pedrera\/wp-json\/wp\/v2\/comments?post=4486"}],"version-history":[{"count":3,"href":"https:\/\/agora.xtec.cat\/zer-pedrera\/wp-json\/wp\/v2\/posts\/4486\/revisions"}],"predecessor-version":[{"id":4491,"href":"https:\/\/agora.xtec.cat\/zer-pedrera\/wp-json\/wp\/v2\/posts\/4486\/revisions\/4491"}],"wp:featuredmedia":[{"embeddable":true,"href":"https:\/\/agora.xtec.cat\/zer-pedrera\/wp-json\/wp\/v2\/media\/4489"}],"wp:attachment":[{"href":"https:\/\/agora.xtec.cat\/zer-pedrera\/wp-json\/wp\/v2\/media?parent=4486"}],"wp:term":[{"taxonomy":"category","embeddable":true,"href":"https:\/\/agora.xtec.cat\/zer-pedrera\/wp-json\/wp\/v2\/categories?post=4486"},{"taxonomy":"post_tag","embeddable":true,"href":"https:\/\/agora.xtec.cat\/zer-pedrera\/wp-json\/wp\/v2\/tags?post=4486"}],"curies":[{"name":"wp","href":"https:\/\/api.w.org\/{rel}","templated":true}]}}