{"id":4460,"date":"2021-06-02T07:35:38","date_gmt":"2021-06-02T05:35:38","guid":{"rendered":"http:\/\/agora.xtec.cat\/zer-pedrera\/?p=4460"},"modified":"2021-06-02T07:38:11","modified_gmt":"2021-06-02T05:38:11","slug":"racons-de-geometria-a-ei-i-ci-escola-porcel-de-cervera","status":"publish","type":"post","link":"https:\/\/agora.xtec.cat\/zer-pedrera\/portada\/racons-de-geometria-a-ei-i-ci-escola-porcel-de-cervera\/","title":{"rendered":"Racons de geometria a EI i CI. Escola Porcel de Cervera."},"content":{"rendered":"<p>Avui hem iniciat el treball de la geometria per racons. Per parelles, els nens i nenes de la classe han treballat lliurement amb els diferents materials, i posteriorment se&#8217;ls ha proposat unes activitats a dur a terme. Entre els materials proposats hi havia: el t\u00e0ngram, els blocs l\u00f2gics, les figures geom\u00e8triques magn\u00e8tiques, les fustes de construcci\u00f3 i puzles. Han treballat molt motivats i han fet unes produccions xul\u00edssimes!!!!<\/p>\n<p>Si en voleu veure algunes fotos cliqueu damunt de la imatge.<\/p>\n<p><a href=\"https:\/\/photos.app.goo.gl\/zj4YNJQgnrJ6c7MF8\"><img loading=\"lazy\" decoding=\"async\" class=\"aligncenter size-full wp-image-4461\" src=\"https:\/\/agora.xtec.cat\/zer-pedrera\/wp-content\/uploads\/usu1473\/2021\/06\/1.jpg\" alt=\"\" width=\"577\" height=\"433\" srcset=\"https:\/\/agora.xtec.cat\/zer-pedrera\/wp-content\/uploads\/usu1473\/2021\/06\/1.jpg 577w, https:\/\/agora.xtec.cat\/zer-pedrera\/wp-content\/uploads\/usu1473\/2021\/06\/1-300x225.jpg 300w, https:\/\/agora.xtec.cat\/zer-pedrera\/wp-content\/uploads\/usu1473\/2021\/06\/1-200x150.jpg 200w\" sizes=\"auto, (max-width: 577px) 100vw, 577px\" \/><\/a><\/p>\n","protected":false},"excerpt":{"rendered":"<p>Avui hem iniciat el treball de la geometria per racons. Per parelles, els nens i nenes de la classe han treballat lliurement amb els diferents materials, i posteriorment se&#8217;ls ha proposat unes activitats a dur a terme. Entre els materials proposats hi havia: el t\u00e0ngram,&hellip;  <a href=\"https:\/\/agora.xtec.cat\/zer-pedrera\/portada\/racons-de-geometria-a-ei-i-ci-escola-porcel-de-cervera\/\" title=\"Read Racons de geometria a EI i CI. Escola Porcel de Cervera.\">Llegeix m\u00e9s\u00bb<\/a><\/p>\n","protected":false},"author":1,"featured_media":4461,"comment_status":"open","ping_status":"closed","sticky":false,"template":"","format":"standard","meta":{"_bbp_topic_count":0,"_bbp_reply_count":0,"_bbp_total_topic_count":0,"_bbp_total_reply_count":0,"_bbp_voice_count":0,"_bbp_anonymous_reply_count":0,"_bbp_topic_count_hidden":0,"_bbp_reply_count_hidden":0,"_bbp_forum_subforum_count":0,"footnotes":""},"categories":[113,111,126,29,89],"tags":[],"class_list":["post-4460","post","type-post","status-publish","format-standard","has-post-thumbnail","hentry","category-e-infantil","category-escola-porcel-de-cervera","category-matematiques","category-portada","category-primaria"],"post_mailing_queue_ids":[],"_links":{"self":[{"href":"https:\/\/agora.xtec.cat\/zer-pedrera\/wp-json\/wp\/v2\/posts\/4460","targetHints":{"allow":["GET"]}}],"collection":[{"href":"https:\/\/agora.xtec.cat\/zer-pedrera\/wp-json\/wp\/v2\/posts"}],"about":[{"href":"https:\/\/agora.xtec.cat\/zer-pedrera\/wp-json\/wp\/v2\/types\/post"}],"author":[{"embeddable":true,"href":"https:\/\/agora.xtec.cat\/zer-pedrera\/wp-json\/wp\/v2\/users\/1"}],"replies":[{"embeddable":true,"href":"https:\/\/agora.xtec.cat\/zer-pedrera\/wp-json\/wp\/v2\/comments?post=4460"}],"version-history":[{"count":2,"href":"https:\/\/agora.xtec.cat\/zer-pedrera\/wp-json\/wp\/v2\/posts\/4460\/revisions"}],"predecessor-version":[{"id":4463,"href":"https:\/\/agora.xtec.cat\/zer-pedrera\/wp-json\/wp\/v2\/posts\/4460\/revisions\/4463"}],"wp:featuredmedia":[{"embeddable":true,"href":"https:\/\/agora.xtec.cat\/zer-pedrera\/wp-json\/wp\/v2\/media\/4461"}],"wp:attachment":[{"href":"https:\/\/agora.xtec.cat\/zer-pedrera\/wp-json\/wp\/v2\/media?parent=4460"}],"wp:term":[{"taxonomy":"category","embeddable":true,"href":"https:\/\/agora.xtec.cat\/zer-pedrera\/wp-json\/wp\/v2\/categories?post=4460"},{"taxonomy":"post_tag","embeddable":true,"href":"https:\/\/agora.xtec.cat\/zer-pedrera\/wp-json\/wp\/v2\/tags?post=4460"}],"curies":[{"name":"wp","href":"https:\/\/api.w.org\/{rel}","templated":true}]}}