{"id":4457,"date":"2021-05-31T16:27:04","date_gmt":"2021-05-31T14:27:04","guid":{"rendered":"http:\/\/agora.xtec.cat\/zer-pedrera\/?p=4457"},"modified":"2021-05-31T16:27:04","modified_gmt":"2021-05-31T14:27:04","slug":"superproduccio-a-cicle-inicial-extraterrestres","status":"publish","type":"post","link":"https:\/\/agora.xtec.cat\/zer-pedrera\/general\/superproduccio-a-cicle-inicial-extraterrestres\/","title":{"rendered":"SUPERPRODUCCI\u00d3 a CICLE INICIAL&#8230; EXTRATERRESTRES."},"content":{"rendered":"<p>Els i les alumnes de Cicle Inicial de l&#8217;escola Abat Ruera tenen el goig de presentar la seva pr\u00f2pia superproducci\u00f3:<\/p>\n<p style=\"text-align: center;\"><span style=\"color: #800080;\"><strong>EXTRATERRESTRES<\/strong><\/span><\/p>\n<p>Nominada als Goya pel millor gui\u00f3, redactat \u00edntegrament pels propis alumnes de Cicle Inicial.<\/p>\n<p>Nominada als \u00d2scar per la millor interpretaci\u00f3, a c\u00e0rrec dels propis alumnes de Cicle Inicial.<\/p>\n<p>Nominada als Gaud\u00ed pel millor vestuari, idea dels propis i pr\u00f2pies alumnes de Cicle Inicial.<\/p>\n<p>Nominada als Ruera per la millor escenografia i decorats, idea del propi\u00a0 alumnat.<\/p>\n<p>Menci\u00f3 especial per la Pili, pels millors efectes especials!<\/p>\n<p><iframe loading=\"lazy\" title=\"Extraterrestres\" width=\"500\" height=\"281\" src=\"https:\/\/www.youtube.com\/embed\/R3ehMyDcaPo?feature=oembed\" frameborder=\"0\" allow=\"accelerometer; autoplay; clipboard-write; encrypted-media; gyroscope; picture-in-picture; web-share\" referrerpolicy=\"strict-origin-when-cross-origin\" allowfullscreen><\/iframe><\/p>\n","protected":false},"excerpt":{"rendered":"<p>Els i les alumnes de Cicle Inicial de l&#8217;escola Abat Ruera tenen el goig de presentar la seva pr\u00f2pia superproducci\u00f3:<br \/>\nEXTRATERRESTRES<br \/>\nNominada als Goya pel millor gui\u00f3, redactat \u00edntegrament pels propis alumnes de Cicle Inicial.<br \/>\nNominada als \u00d2scar per la millor interpretaci\u00f3, a c\u00e0rrec dels propis alumnes de&hellip;  <a href=\"https:\/\/agora.xtec.cat\/zer-pedrera\/general\/superproduccio-a-cicle-inicial-extraterrestres\/\" title=\"Read SUPERPRODUCCI\u00d3 a CICLE INICIAL&#8230; EXTRATERRESTRES.\">Llegeix m\u00e9s\u00bb<\/a><\/p>\n","protected":false},"author":1,"featured_media":4458,"comment_status":"open","ping_status":"closed","sticky":false,"template":"","format":"standard","meta":{"_bbp_topic_count":0,"_bbp_reply_count":0,"_bbp_total_topic_count":0,"_bbp_total_reply_count":0,"_bbp_voice_count":0,"_bbp_anonymous_reply_count":0,"_bbp_topic_count_hidden":0,"_bbp_reply_count_hidden":0,"_bbp_forum_subforum_count":0,"footnotes":""},"categories":[110,1,29,89],"tags":[],"class_list":["post-4457","post","type-post","status-publish","format-standard","has-post-thumbnail","hentry","category-escola-abat-ruera","category-general","category-portada","category-primaria"],"post_mailing_queue_ids":[],"_links":{"self":[{"href":"https:\/\/agora.xtec.cat\/zer-pedrera\/wp-json\/wp\/v2\/posts\/4457","targetHints":{"allow":["GET"]}}],"collection":[{"href":"https:\/\/agora.xtec.cat\/zer-pedrera\/wp-json\/wp\/v2\/posts"}],"about":[{"href":"https:\/\/agora.xtec.cat\/zer-pedrera\/wp-json\/wp\/v2\/types\/post"}],"author":[{"embeddable":true,"href":"https:\/\/agora.xtec.cat\/zer-pedrera\/wp-json\/wp\/v2\/users\/1"}],"replies":[{"embeddable":true,"href":"https:\/\/agora.xtec.cat\/zer-pedrera\/wp-json\/wp\/v2\/comments?post=4457"}],"version-history":[{"count":1,"href":"https:\/\/agora.xtec.cat\/zer-pedrera\/wp-json\/wp\/v2\/posts\/4457\/revisions"}],"predecessor-version":[{"id":4459,"href":"https:\/\/agora.xtec.cat\/zer-pedrera\/wp-json\/wp\/v2\/posts\/4457\/revisions\/4459"}],"wp:featuredmedia":[{"embeddable":true,"href":"https:\/\/agora.xtec.cat\/zer-pedrera\/wp-json\/wp\/v2\/media\/4458"}],"wp:attachment":[{"href":"https:\/\/agora.xtec.cat\/zer-pedrera\/wp-json\/wp\/v2\/media?parent=4457"}],"wp:term":[{"taxonomy":"category","embeddable":true,"href":"https:\/\/agora.xtec.cat\/zer-pedrera\/wp-json\/wp\/v2\/categories?post=4457"},{"taxonomy":"post_tag","embeddable":true,"href":"https:\/\/agora.xtec.cat\/zer-pedrera\/wp-json\/wp\/v2\/tags?post=4457"}],"curies":[{"name":"wp","href":"https:\/\/api.w.org\/{rel}","templated":true}]}}