{"id":4454,"date":"2021-05-31T16:15:10","date_gmt":"2021-05-31T14:15:10","guid":{"rendered":"http:\/\/agora.xtec.cat\/zer-pedrera\/?p=4454"},"modified":"2021-05-31T16:15:10","modified_gmt":"2021-05-31T14:15:10","slug":"tn-ruera-v-edicio","status":"publish","type":"post","link":"https:\/\/agora.xtec.cat\/zer-pedrera\/general\/tn-ruera-v-edicio\/","title":{"rendered":"TN RUERA, V edici\u00f3."},"content":{"rendered":"<p>Heus aqu\u00ed la V edici\u00f3 de l&#8217;informatiu escolar TN RUERA. Malauradament \u00e9s l&#8217;\u00faltima edici\u00f3 del curs 2020-2021. Com en les edicions anteriors, aquest programa ha estat redactat, presentat i produ\u00eft \u00edntegrament pels alumnes de Cicle Mitj\u00e0 i Cicle Superior de l&#8217;escola Abat Ruera. Totes i tots han apr\u00e9s molt\u00edssim sobre el periodisme i els alumnes de Cicle Superior, han esdevingut aut\u00e8ntics editors i productors audiovisuals..<\/p>\n<p>Tan de bo per alguns\/-es d&#8217;ells\/-es siguin les primeres passes cap a una llarga i pr\u00f2spera traject\u00f2ria professional!<\/p>\n<p>Moltes felicitats a tots i a totes!!!<\/p>\n<p><iframe loading=\"lazy\" title=\"TN RUERA V EDICI\u00d3 MAIG\" width=\"500\" height=\"281\" src=\"https:\/\/www.youtube.com\/embed\/tjQIPKxkrYg?feature=oembed\" frameborder=\"0\" allow=\"accelerometer; autoplay; clipboard-write; encrypted-media; gyroscope; picture-in-picture; web-share\" referrerpolicy=\"strict-origin-when-cross-origin\" allowfullscreen><\/iframe><\/p>\n","protected":false},"excerpt":{"rendered":"<p>Heus aqu\u00ed la V edici\u00f3 de l&#8217;informatiu escolar TN RUERA. Malauradament \u00e9s l&#8217;\u00faltima edici\u00f3 del curs 2020-2021. Com en les edicions anteriors, aquest programa ha estat redactat, presentat i produ\u00eft \u00edntegrament pels alumnes de Cicle Mitj\u00e0 i Cicle Superior de l&#8217;escola Abat Ruera. Totes i&hellip;  <a href=\"https:\/\/agora.xtec.cat\/zer-pedrera\/general\/tn-ruera-v-edicio\/\" title=\"Read TN RUERA, V edici\u00f3.\">Llegeix m\u00e9s\u00bb<\/a><\/p>\n","protected":false},"author":1,"featured_media":4455,"comment_status":"open","ping_status":"closed","sticky":false,"template":"","format":"standard","meta":{"_bbp_topic_count":0,"_bbp_reply_count":0,"_bbp_total_topic_count":0,"_bbp_total_reply_count":0,"_bbp_voice_count":0,"_bbp_anonymous_reply_count":0,"_bbp_topic_count_hidden":0,"_bbp_reply_count_hidden":0,"_bbp_forum_subforum_count":0,"footnotes":""},"categories":[125,110,1,29,89],"tags":[],"class_list":["post-4454","post","type-post","status-publish","format-standard","has-post-thumbnail","hentry","category-catala","category-escola-abat-ruera","category-general","category-portada","category-primaria"],"post_mailing_queue_ids":[],"_links":{"self":[{"href":"https:\/\/agora.xtec.cat\/zer-pedrera\/wp-json\/wp\/v2\/posts\/4454","targetHints":{"allow":["GET"]}}],"collection":[{"href":"https:\/\/agora.xtec.cat\/zer-pedrera\/wp-json\/wp\/v2\/posts"}],"about":[{"href":"https:\/\/agora.xtec.cat\/zer-pedrera\/wp-json\/wp\/v2\/types\/post"}],"author":[{"embeddable":true,"href":"https:\/\/agora.xtec.cat\/zer-pedrera\/wp-json\/wp\/v2\/users\/1"}],"replies":[{"embeddable":true,"href":"https:\/\/agora.xtec.cat\/zer-pedrera\/wp-json\/wp\/v2\/comments?post=4454"}],"version-history":[{"count":1,"href":"https:\/\/agora.xtec.cat\/zer-pedrera\/wp-json\/wp\/v2\/posts\/4454\/revisions"}],"predecessor-version":[{"id":4456,"href":"https:\/\/agora.xtec.cat\/zer-pedrera\/wp-json\/wp\/v2\/posts\/4454\/revisions\/4456"}],"wp:featuredmedia":[{"embeddable":true,"href":"https:\/\/agora.xtec.cat\/zer-pedrera\/wp-json\/wp\/v2\/media\/4455"}],"wp:attachment":[{"href":"https:\/\/agora.xtec.cat\/zer-pedrera\/wp-json\/wp\/v2\/media?parent=4454"}],"wp:term":[{"taxonomy":"category","embeddable":true,"href":"https:\/\/agora.xtec.cat\/zer-pedrera\/wp-json\/wp\/v2\/categories?post=4454"},{"taxonomy":"post_tag","embeddable":true,"href":"https:\/\/agora.xtec.cat\/zer-pedrera\/wp-json\/wp\/v2\/tags?post=4454"}],"curies":[{"name":"wp","href":"https:\/\/api.w.org\/{rel}","templated":true}]}}