{"id":4447,"date":"2021-05-31T16:01:24","date_gmt":"2021-05-31T14:01:24","guid":{"rendered":"http:\/\/agora.xtec.cat\/zer-pedrera\/?p=4447"},"modified":"2021-05-31T16:02:07","modified_gmt":"2021-05-31T14:02:07","slug":"collim-raves-ecologics-del-nostre-hort-escola-abat-ruera","status":"publish","type":"post","link":"https:\/\/agora.xtec.cat\/zer-pedrera\/general\/collim-raves-ecologics-del-nostre-hort-escola-abat-ruera\/","title":{"rendered":"Collim raves ecol\u00f2gics del nostre hort!!! Escola Abat Ruera."},"content":{"rendered":"<p>Mmmmmm! Per fi! El nostre hort, amb esfor\u00e7 i dedicaci\u00f3 per part de tots i totes, ens comen\u00e7a a donar els seus fruits!!! B\u00e9, en aquest cas les seves arrels!!!<\/p>\n<p>L&#8217;Oriol ens ha explicat moltes coses interessants que no sab\u00edem sobre els raves, un superaliment!<br \/>\nN&#8217;hem collit i ens els hem emportat cap a casa.<\/p>\n<p>Bon profit!<\/p>\n<p>Mireu els nostres hortolans clicant sobre la imatge.<\/p>\n<p><a href=\"https:\/\/photos.app.goo.gl\/Z3zxdpaUnYUoempu9\" target=\"_blank\" rel=\"noopener noreferrer\"><img loading=\"lazy\" decoding=\"async\" class=\"aligncenter size-full wp-image-4448\" src=\"https:\/\/agora.xtec.cat\/zer-pedrera\/wp-content\/uploads\/usu1473\/2021\/05\/IMG-20210528-WA0137.jpg\" alt=\"\" width=\"666\" height=\"374\" srcset=\"https:\/\/agora.xtec.cat\/zer-pedrera\/wp-content\/uploads\/usu1473\/2021\/05\/IMG-20210528-WA0137.jpg 666w, https:\/\/agora.xtec.cat\/zer-pedrera\/wp-content\/uploads\/usu1473\/2021\/05\/IMG-20210528-WA0137-300x168.jpg 300w\" sizes=\"auto, (max-width: 666px) 100vw, 666px\" \/><\/a><\/p>\n","protected":false},"excerpt":{"rendered":"<p>Mmmmmm! Per fi! El nostre hort, amb esfor\u00e7 i dedicaci\u00f3 per part de tots i totes, ens comen\u00e7a a donar els seus fruits!!! B\u00e9, en aquest cas les seves arrels!!!<br \/>\nL&#8217;Oriol ens ha explicat moltes coses interessants que no sab\u00edem sobre els raves, un superaliment!<br \/>\nN&#8217;hem collit&hellip;  <a href=\"https:\/\/agora.xtec.cat\/zer-pedrera\/general\/collim-raves-ecologics-del-nostre-hort-escola-abat-ruera\/\" title=\"Read Collim raves ecol\u00f2gics del nostre hort!!! Escola Abat Ruera.\">Llegeix m\u00e9s\u00bb<\/a><\/p>\n","protected":false},"author":1,"featured_media":4448,"comment_status":"open","ping_status":"closed","sticky":false,"template":"","format":"standard","meta":{"_bbp_topic_count":0,"_bbp_reply_count":0,"_bbp_total_topic_count":0,"_bbp_total_reply_count":0,"_bbp_voice_count":0,"_bbp_anonymous_reply_count":0,"_bbp_topic_count_hidden":0,"_bbp_reply_count_hidden":0,"_bbp_forum_subforum_count":0,"footnotes":""},"categories":[113,110,1,114,116,29,89],"tags":[],"class_list":["post-4447","post","type-post","status-publish","format-standard","has-post-thumbnail","hentry","category-e-infantil","category-escola-abat-ruera","category-general","category-hort","category-medi","category-portada","category-primaria"],"post_mailing_queue_ids":[],"_links":{"self":[{"href":"https:\/\/agora.xtec.cat\/zer-pedrera\/wp-json\/wp\/v2\/posts\/4447","targetHints":{"allow":["GET"]}}],"collection":[{"href":"https:\/\/agora.xtec.cat\/zer-pedrera\/wp-json\/wp\/v2\/posts"}],"about":[{"href":"https:\/\/agora.xtec.cat\/zer-pedrera\/wp-json\/wp\/v2\/types\/post"}],"author":[{"embeddable":true,"href":"https:\/\/agora.xtec.cat\/zer-pedrera\/wp-json\/wp\/v2\/users\/1"}],"replies":[{"embeddable":true,"href":"https:\/\/agora.xtec.cat\/zer-pedrera\/wp-json\/wp\/v2\/comments?post=4447"}],"version-history":[{"count":1,"href":"https:\/\/agora.xtec.cat\/zer-pedrera\/wp-json\/wp\/v2\/posts\/4447\/revisions"}],"predecessor-version":[{"id":4449,"href":"https:\/\/agora.xtec.cat\/zer-pedrera\/wp-json\/wp\/v2\/posts\/4447\/revisions\/4449"}],"wp:featuredmedia":[{"embeddable":true,"href":"https:\/\/agora.xtec.cat\/zer-pedrera\/wp-json\/wp\/v2\/media\/4448"}],"wp:attachment":[{"href":"https:\/\/agora.xtec.cat\/zer-pedrera\/wp-json\/wp\/v2\/media?parent=4447"}],"wp:term":[{"taxonomy":"category","embeddable":true,"href":"https:\/\/agora.xtec.cat\/zer-pedrera\/wp-json\/wp\/v2\/categories?post=4447"},{"taxonomy":"post_tag","embeddable":true,"href":"https:\/\/agora.xtec.cat\/zer-pedrera\/wp-json\/wp\/v2\/tags?post=4447"}],"curies":[{"name":"wp","href":"https:\/\/api.w.org\/{rel}","templated":true}]}}