{"id":4444,"date":"2021-05-31T15:54:30","date_gmt":"2021-05-31T13:54:30","guid":{"rendered":"http:\/\/agora.xtec.cat\/zer-pedrera\/?p=4444"},"modified":"2021-05-31T15:54:57","modified_gmt":"2021-05-31T13:54:57","slug":"experimentem-amb-cons-i-tubs-de-cartro-educacio-infantil-de-lescola-abat-ruera","status":"publish","type":"post","link":"https:\/\/agora.xtec.cat\/zer-pedrera\/general\/experimentem-amb-cons-i-tubs-de-cartro-educacio-infantil-de-lescola-abat-ruera\/","title":{"rendered":"Experimentem amb cons i tubs de cartr\u00f3. Educaci\u00f3 Infantil de l&#8217;escola Abat Ruera."},"content":{"rendered":"<p>El joc \u00e9s una de les activitats que generen m\u00e9s aprenentatge, sobretot si es posa a l&#8217;abast dels infants els materials idonis per dissenyar, construir, provar&#8230;<\/p>\n<p>Voleu veure el b\u00e9 que s&#8217;ho han passat les nenes i els nens d&#8217;Educaci\u00f3 Infantil de l&#8217;escola Abat Ruera?<\/p>\n<p><em><strong>Cliqueu sobre la imatge!<\/strong><\/em><\/p>\n<p><a href=\"https:\/\/photos.app.goo.gl\/rSCJzmwhH94WuBgBA\" target=\"_blank\" rel=\"noopener noreferrer\"><img loading=\"lazy\" decoding=\"async\" class=\"aligncenter size-full wp-image-4445\" src=\"https:\/\/agora.xtec.cat\/zer-pedrera\/wp-content\/uploads\/usu1473\/2021\/05\/IMG-20210528-WA0066.jpg\" alt=\"\" width=\"585\" height=\"426\" srcset=\"https:\/\/agora.xtec.cat\/zer-pedrera\/wp-content\/uploads\/usu1473\/2021\/05\/IMG-20210528-WA0066.jpg 585w, https:\/\/agora.xtec.cat\/zer-pedrera\/wp-content\/uploads\/usu1473\/2021\/05\/IMG-20210528-WA0066-300x218.jpg 300w\" sizes=\"auto, (max-width: 585px) 100vw, 585px\" \/><\/a><\/p>\n","protected":false},"excerpt":{"rendered":"<p>El joc \u00e9s una de les activitats que generen m\u00e9s aprenentatge, sobretot si es posa a l&#8217;abast dels infants els materials idonis per dissenyar, construir, provar&#8230;<br \/>\nVoleu veure el b\u00e9 que s&#8217;ho han passat les nenes i els nens d&#8217;Educaci\u00f3 Infantil de l&#8217;escola Abat Ruera?<br \/>\nCliqueu sobre&hellip;  <a href=\"https:\/\/agora.xtec.cat\/zer-pedrera\/general\/experimentem-amb-cons-i-tubs-de-cartro-educacio-infantil-de-lescola-abat-ruera\/\" title=\"Read Experimentem amb cons i tubs de cartr\u00f3. Educaci\u00f3 Infantil de l&#8217;escola Abat Ruera.\">Llegeix m\u00e9s\u00bb<\/a><\/p>\n","protected":false},"author":1,"featured_media":4445,"comment_status":"open","ping_status":"closed","sticky":false,"template":"","format":"standard","meta":{"_bbp_topic_count":0,"_bbp_reply_count":0,"_bbp_total_topic_count":0,"_bbp_total_reply_count":0,"_bbp_voice_count":0,"_bbp_anonymous_reply_count":0,"_bbp_topic_count_hidden":0,"_bbp_reply_count_hidden":0,"_bbp_forum_subforum_count":0,"footnotes":""},"categories":[113,110,1,29],"tags":[],"class_list":["post-4444","post","type-post","status-publish","format-standard","has-post-thumbnail","hentry","category-e-infantil","category-escola-abat-ruera","category-general","category-portada"],"post_mailing_queue_ids":[],"_links":{"self":[{"href":"https:\/\/agora.xtec.cat\/zer-pedrera\/wp-json\/wp\/v2\/posts\/4444","targetHints":{"allow":["GET"]}}],"collection":[{"href":"https:\/\/agora.xtec.cat\/zer-pedrera\/wp-json\/wp\/v2\/posts"}],"about":[{"href":"https:\/\/agora.xtec.cat\/zer-pedrera\/wp-json\/wp\/v2\/types\/post"}],"author":[{"embeddable":true,"href":"https:\/\/agora.xtec.cat\/zer-pedrera\/wp-json\/wp\/v2\/users\/1"}],"replies":[{"embeddable":true,"href":"https:\/\/agora.xtec.cat\/zer-pedrera\/wp-json\/wp\/v2\/comments?post=4444"}],"version-history":[{"count":1,"href":"https:\/\/agora.xtec.cat\/zer-pedrera\/wp-json\/wp\/v2\/posts\/4444\/revisions"}],"predecessor-version":[{"id":4446,"href":"https:\/\/agora.xtec.cat\/zer-pedrera\/wp-json\/wp\/v2\/posts\/4444\/revisions\/4446"}],"wp:featuredmedia":[{"embeddable":true,"href":"https:\/\/agora.xtec.cat\/zer-pedrera\/wp-json\/wp\/v2\/media\/4445"}],"wp:attachment":[{"href":"https:\/\/agora.xtec.cat\/zer-pedrera\/wp-json\/wp\/v2\/media?parent=4444"}],"wp:term":[{"taxonomy":"category","embeddable":true,"href":"https:\/\/agora.xtec.cat\/zer-pedrera\/wp-json\/wp\/v2\/categories?post=4444"},{"taxonomy":"post_tag","embeddable":true,"href":"https:\/\/agora.xtec.cat\/zer-pedrera\/wp-json\/wp\/v2\/tags?post=4444"}],"curies":[{"name":"wp","href":"https:\/\/api.w.org\/{rel}","templated":true}]}}