{"id":4441,"date":"2021-05-31T15:46:43","date_gmt":"2021-05-31T13:46:43","guid":{"rendered":"http:\/\/agora.xtec.cat\/zer-pedrera\/?p=4441"},"modified":"2021-05-31T15:46:43","modified_gmt":"2021-05-31T13:46:43","slug":"larbre-a-la-primavera-educacio-infantil-de-lescola-abat-ruera","status":"publish","type":"post","link":"https:\/\/agora.xtec.cat\/zer-pedrera\/general\/larbre-a-la-primavera-educacio-infantil-de-lescola-abat-ruera\/","title":{"rendered":"L&#8217;arbre a la primavera. Educaci\u00f3 Infantil de l&#8217;escola Abat Ruera."},"content":{"rendered":"<p>Tot el grup d&#8217;Educaci\u00f3 Infantil hem decorat els nostres arbres de primavera en v\u00e0ries sessions utilitzant diferents t\u00e8cniques i materials: el cel l&#8217;hem pintat amb guix blau escampant-lo amb els dits, el tronc est\u00e0 fet amb pintura marr\u00f3 barrejada amb detergent i les flors s\u00f3n estampacions de feixos de bastonets higi\u00e8nics mullats amb pintura. Tamb\u00e9 les fulletes verdes estan estampades una per una amb un bastonet.<br \/>\nUns resultats molt aconseguits!<\/p>\n<p><em><strong>Cliqueu sobre la imatge si ens voleu veure treballant!!!<\/strong><\/em><\/p>\n<p><a href=\"https:\/\/photos.app.goo.gl\/w4rNxHp2uzqNd4As6\" target=\"_blank\" rel=\"noopener noreferrer\"><img loading=\"lazy\" decoding=\"async\" class=\"aligncenter size-full wp-image-4442\" src=\"https:\/\/agora.xtec.cat\/zer-pedrera\/wp-content\/uploads\/usu1473\/2021\/05\/IMG-20210528-WA0098.jpg\" alt=\"\" width=\"409\" height=\"611\" srcset=\"https:\/\/agora.xtec.cat\/zer-pedrera\/wp-content\/uploads\/usu1473\/2021\/05\/IMG-20210528-WA0098.jpg 409w, https:\/\/agora.xtec.cat\/zer-pedrera\/wp-content\/uploads\/usu1473\/2021\/05\/IMG-20210528-WA0098-201x300.jpg 201w\" sizes=\"auto, (max-width: 409px) 100vw, 409px\" \/><\/a><\/p>\n","protected":false},"excerpt":{"rendered":"<p>Tot el grup d&#8217;Educaci\u00f3 Infantil hem decorat els nostres arbres de primavera en v\u00e0ries sessions utilitzant diferents t\u00e8cniques i materials: el cel l&#8217;hem pintat amb guix blau escampant-lo amb els dits, el tronc est\u00e0 fet amb pintura marr\u00f3 barrejada amb detergent i les flors s\u00f3n&hellip;  <a href=\"https:\/\/agora.xtec.cat\/zer-pedrera\/general\/larbre-a-la-primavera-educacio-infantil-de-lescola-abat-ruera\/\" title=\"Read L&#8217;arbre a la primavera. Educaci\u00f3 Infantil de l&#8217;escola Abat Ruera.\">Llegeix m\u00e9s\u00bb<\/a><\/p>\n","protected":false},"author":1,"featured_media":4442,"comment_status":"open","ping_status":"closed","sticky":false,"template":"","format":"standard","meta":{"_bbp_topic_count":0,"_bbp_reply_count":0,"_bbp_total_topic_count":0,"_bbp_total_reply_count":0,"_bbp_voice_count":0,"_bbp_anonymous_reply_count":0,"_bbp_topic_count_hidden":0,"_bbp_reply_count_hidden":0,"_bbp_forum_subforum_count":0,"footnotes":""},"categories":[113,110,1,119,29],"tags":[],"class_list":["post-4441","post","type-post","status-publish","format-standard","has-post-thumbnail","hentry","category-e-infantil","category-escola-abat-ruera","category-general","category-plastica","category-portada"],"post_mailing_queue_ids":[],"_links":{"self":[{"href":"https:\/\/agora.xtec.cat\/zer-pedrera\/wp-json\/wp\/v2\/posts\/4441","targetHints":{"allow":["GET"]}}],"collection":[{"href":"https:\/\/agora.xtec.cat\/zer-pedrera\/wp-json\/wp\/v2\/posts"}],"about":[{"href":"https:\/\/agora.xtec.cat\/zer-pedrera\/wp-json\/wp\/v2\/types\/post"}],"author":[{"embeddable":true,"href":"https:\/\/agora.xtec.cat\/zer-pedrera\/wp-json\/wp\/v2\/users\/1"}],"replies":[{"embeddable":true,"href":"https:\/\/agora.xtec.cat\/zer-pedrera\/wp-json\/wp\/v2\/comments?post=4441"}],"version-history":[{"count":1,"href":"https:\/\/agora.xtec.cat\/zer-pedrera\/wp-json\/wp\/v2\/posts\/4441\/revisions"}],"predecessor-version":[{"id":4443,"href":"https:\/\/agora.xtec.cat\/zer-pedrera\/wp-json\/wp\/v2\/posts\/4441\/revisions\/4443"}],"wp:featuredmedia":[{"embeddable":true,"href":"https:\/\/agora.xtec.cat\/zer-pedrera\/wp-json\/wp\/v2\/media\/4442"}],"wp:attachment":[{"href":"https:\/\/agora.xtec.cat\/zer-pedrera\/wp-json\/wp\/v2\/media?parent=4441"}],"wp:term":[{"taxonomy":"category","embeddable":true,"href":"https:\/\/agora.xtec.cat\/zer-pedrera\/wp-json\/wp\/v2\/categories?post=4441"},{"taxonomy":"post_tag","embeddable":true,"href":"https:\/\/agora.xtec.cat\/zer-pedrera\/wp-json\/wp\/v2\/tags?post=4441"}],"curies":[{"name":"wp","href":"https:\/\/api.w.org\/{rel}","templated":true}]}}