{"id":4433,"date":"2021-05-31T13:39:15","date_gmt":"2021-05-31T11:39:15","guid":{"rendered":"http:\/\/agora.xtec.cat\/zer-pedrera\/?p=4433"},"modified":"2021-05-31T13:39:44","modified_gmt":"2021-05-31T11:39:44","slug":"periodistes-al-som-canalla-porcel-de-cervera","status":"publish","type":"post","link":"https:\/\/agora.xtec.cat\/zer-pedrera\/portada\/periodistes-al-som-canalla-porcel-de-cervera\/","title":{"rendered":"PERIODISTES AL SOM CANALLA-PORCEL DE CERVERA"},"content":{"rendered":"<p>Dins l&#8217;hora de biblioteca hem redactat, aquest divendres, dos articles pel Som Canalla del mes de juny.<\/p>\n<p>Si voleu veure els articles dels nostres joves periodistes no us perdeu el proper n\u00famero de la revista que a l&#8217;escola la tindrem el dia 11 de juny.<\/p>\n<p>En aquest n\u00famero sortir\u00e0 l&#8217;article d&#8217;opini\u00f3 d&#8217;una de les nostres alumnes.<img loading=\"lazy\" decoding=\"async\" class=\"aligncenter wp-image-4439\" src=\"https:\/\/agora.xtec.cat\/zer-pedrera\/wp-content\/uploads\/usu1473\/2021\/05\/som-canalla_21024_1.jpg\" alt=\"\" width=\"260\" height=\"367\" srcset=\"https:\/\/agora.xtec.cat\/zer-pedrera\/wp-content\/uploads\/usu1473\/2021\/05\/som-canalla_21024_1.jpg 724w, https:\/\/agora.xtec.cat\/zer-pedrera\/wp-content\/uploads\/usu1473\/2021\/05\/som-canalla_21024_1-212x300.jpg 212w\" sizes=\"auto, (max-width: 260px) 100vw, 260px\" \/><\/p>\n","protected":false},"excerpt":{"rendered":"<p>Dins l&#8217;hora de biblioteca hem redactat, aquest divendres, dos articles pel Som Canalla del mes de juny.<br \/>\nSi voleu veure els articles dels nostres joves periodistes no us perdeu el proper n\u00famero de la revista que a l&#8217;escola la tindrem el dia 11 de juny.<br \/>\nEn aquest&hellip;  <a href=\"https:\/\/agora.xtec.cat\/zer-pedrera\/portada\/periodistes-al-som-canalla-porcel-de-cervera\/\" title=\"Read PERIODISTES AL SOM CANALLA-PORCEL DE CERVERA\">Llegeix m\u00e9s\u00bb<\/a><\/p>\n","protected":false},"author":1,"featured_media":4439,"comment_status":"open","ping_status":"closed","sticky":false,"template":"","format":"standard","meta":{"_bbp_topic_count":0,"_bbp_reply_count":0,"_bbp_total_topic_count":0,"_bbp_total_reply_count":0,"_bbp_voice_count":0,"_bbp_anonymous_reply_count":0,"_bbp_topic_count_hidden":0,"_bbp_reply_count_hidden":0,"_bbp_forum_subforum_count":0,"footnotes":""},"categories":[181,111,29],"tags":[],"class_list":["post-4433","post","type-post","status-publish","format-standard","has-post-thumbnail","hentry","category-biblioteca-escolar","category-escola-porcel-de-cervera","category-portada"],"post_mailing_queue_ids":[],"_links":{"self":[{"href":"https:\/\/agora.xtec.cat\/zer-pedrera\/wp-json\/wp\/v2\/posts\/4433","targetHints":{"allow":["GET"]}}],"collection":[{"href":"https:\/\/agora.xtec.cat\/zer-pedrera\/wp-json\/wp\/v2\/posts"}],"about":[{"href":"https:\/\/agora.xtec.cat\/zer-pedrera\/wp-json\/wp\/v2\/types\/post"}],"author":[{"embeddable":true,"href":"https:\/\/agora.xtec.cat\/zer-pedrera\/wp-json\/wp\/v2\/users\/1"}],"replies":[{"embeddable":true,"href":"https:\/\/agora.xtec.cat\/zer-pedrera\/wp-json\/wp\/v2\/comments?post=4433"}],"version-history":[{"count":2,"href":"https:\/\/agora.xtec.cat\/zer-pedrera\/wp-json\/wp\/v2\/posts\/4433\/revisions"}],"predecessor-version":[{"id":4440,"href":"https:\/\/agora.xtec.cat\/zer-pedrera\/wp-json\/wp\/v2\/posts\/4433\/revisions\/4440"}],"wp:featuredmedia":[{"embeddable":true,"href":"https:\/\/agora.xtec.cat\/zer-pedrera\/wp-json\/wp\/v2\/media\/4439"}],"wp:attachment":[{"href":"https:\/\/agora.xtec.cat\/zer-pedrera\/wp-json\/wp\/v2\/media?parent=4433"}],"wp:term":[{"taxonomy":"category","embeddable":true,"href":"https:\/\/agora.xtec.cat\/zer-pedrera\/wp-json\/wp\/v2\/categories?post=4433"},{"taxonomy":"post_tag","embeddable":true,"href":"https:\/\/agora.xtec.cat\/zer-pedrera\/wp-json\/wp\/v2\/tags?post=4433"}],"curies":[{"name":"wp","href":"https:\/\/api.w.org\/{rel}","templated":true}]}}