{"id":4413,"date":"2021-05-28T12:39:15","date_gmt":"2021-05-28T10:39:15","guid":{"rendered":"http:\/\/agora.xtec.cat\/zer-pedrera\/?p=4413"},"modified":"2021-05-28T12:39:15","modified_gmt":"2021-05-28T10:39:15","slug":"surar-o-no-surar","status":"publish","type":"post","link":"https:\/\/agora.xtec.cat\/zer-pedrera\/general\/surar-o-no-surar\/","title":{"rendered":"SURAR O NO SURAR"},"content":{"rendered":"<p>Del projecte interdisciplinari( els i les astronautes suren a l &#8216;espai, per qu\u00e8? i a la Terra no?) ens ha portat a saber que la Terra, per la seva for\u00e7a de gravetat, atrau objectes i els essers vius no surem.<\/p>\n<p>Aix\u00f2 ens va portar a veure quins objectes suraven i quin no suraven .A m\u00e9s a m\u00e9s, despr\u00e9s ens vam engrescar i vam fer mescles.<\/p>\n<p>Les mescles van SER MOLT BONIQUES!!!!!<\/p>\n<p>Feu un clic per a veure les imatges.<\/p>\n<p><a href=\"https:\/\/photos.app.goo.gl\/pUo6yWA6z5HkAxsKA\">https:\/\/photos.app.goo.gl\/pUo6yWA6z5HkAxsKA<\/a><\/p>\n","protected":false},"excerpt":{"rendered":"<p>Del projecte interdisciplinari( els i les astronautes suren a l &#8216;espai, per qu\u00e8? i a la Terra no?) ens ha portat a saber que la Terra, per la seva for\u00e7a de gravetat, atrau objectes i els essers vius no surem.<br \/>\nAix\u00f2 ens va portar a veure&hellip;  <a href=\"https:\/\/agora.xtec.cat\/zer-pedrera\/general\/surar-o-no-surar\/\" title=\"Read SURAR O NO SURAR\">Llegeix m\u00e9s\u00bb<\/a><\/p>\n","protected":false},"author":1,"featured_media":4419,"comment_status":"open","ping_status":"closed","sticky":false,"template":"","format":"standard","meta":{"_bbp_topic_count":0,"_bbp_reply_count":0,"_bbp_total_topic_count":0,"_bbp_total_reply_count":0,"_bbp_voice_count":0,"_bbp_anonymous_reply_count":0,"_bbp_topic_count_hidden":0,"_bbp_reply_count_hidden":0,"_bbp_forum_subforum_count":0,"footnotes":""},"categories":[1,29],"tags":[],"class_list":["post-4413","post","type-post","status-publish","format-standard","has-post-thumbnail","hentry","category-general","category-portada"],"post_mailing_queue_ids":[],"_links":{"self":[{"href":"https:\/\/agora.xtec.cat\/zer-pedrera\/wp-json\/wp\/v2\/posts\/4413","targetHints":{"allow":["GET"]}}],"collection":[{"href":"https:\/\/agora.xtec.cat\/zer-pedrera\/wp-json\/wp\/v2\/posts"}],"about":[{"href":"https:\/\/agora.xtec.cat\/zer-pedrera\/wp-json\/wp\/v2\/types\/post"}],"author":[{"embeddable":true,"href":"https:\/\/agora.xtec.cat\/zer-pedrera\/wp-json\/wp\/v2\/users\/1"}],"replies":[{"embeddable":true,"href":"https:\/\/agora.xtec.cat\/zer-pedrera\/wp-json\/wp\/v2\/comments?post=4413"}],"version-history":[{"count":1,"href":"https:\/\/agora.xtec.cat\/zer-pedrera\/wp-json\/wp\/v2\/posts\/4413\/revisions"}],"predecessor-version":[{"id":4420,"href":"https:\/\/agora.xtec.cat\/zer-pedrera\/wp-json\/wp\/v2\/posts\/4413\/revisions\/4420"}],"wp:featuredmedia":[{"embeddable":true,"href":"https:\/\/agora.xtec.cat\/zer-pedrera\/wp-json\/wp\/v2\/media\/4419"}],"wp:attachment":[{"href":"https:\/\/agora.xtec.cat\/zer-pedrera\/wp-json\/wp\/v2\/media?parent=4413"}],"wp:term":[{"taxonomy":"category","embeddable":true,"href":"https:\/\/agora.xtec.cat\/zer-pedrera\/wp-json\/wp\/v2\/categories?post=4413"},{"taxonomy":"post_tag","embeddable":true,"href":"https:\/\/agora.xtec.cat\/zer-pedrera\/wp-json\/wp\/v2\/tags?post=4413"}],"curies":[{"name":"wp","href":"https:\/\/api.w.org\/{rel}","templated":true}]}}