{"id":4405,"date":"2021-05-28T11:48:25","date_gmt":"2021-05-28T09:48:25","guid":{"rendered":"http:\/\/agora.xtec.cat\/zer-pedrera\/?p=4405"},"modified":"2021-05-28T11:48:42","modified_gmt":"2021-05-28T09:48:42","slug":"percussio-corporal-escola-abat-ruera-2","status":"publish","type":"post","link":"https:\/\/agora.xtec.cat\/zer-pedrera\/general\/percussio-corporal-escola-abat-ruera-2\/","title":{"rendered":"Percussi\u00f3 corporal! Escola Abat Ruera."},"content":{"rendered":"<p>Aquesta setmana, els\/les alumnes de Cicle Mitj\u00e0 i Superior, estem preparant una percussi\u00f3 corporal per participar al GRAN CONCURS DE FINAL DE CURS que tindr\u00e0 lloc la setmana vinent.<br \/>\nEn aquest concurs demostrarem tot el que hem apr\u00e8s durant el curs, i com en els concursos televisius, tindrem un guanyador o guanyadora!!!<br \/>\nPer a poder veure les seves actuacions i saber qui \u00e9s el finalista i guanyador no us perdeu el post de la pr\u00f2xima setmana on sortir\u00e0 tot publicat!!!<\/p>\n<p><img loading=\"lazy\" decoding=\"async\" class=\"aligncenter size-full wp-image-4407\" src=\"https:\/\/agora.xtec.cat\/zer-pedrera\/wp-content\/uploads\/usu1473\/2021\/05\/WhatsApp-Image-2021-05-26-at-15.37.41.jpeg\" alt=\"\" width=\"577\" height=\"433\" srcset=\"https:\/\/agora.xtec.cat\/zer-pedrera\/wp-content\/uploads\/usu1473\/2021\/05\/WhatsApp-Image-2021-05-26-at-15.37.41.jpeg 577w, https:\/\/agora.xtec.cat\/zer-pedrera\/wp-content\/uploads\/usu1473\/2021\/05\/WhatsApp-Image-2021-05-26-at-15.37.41-300x225.jpeg 300w, https:\/\/agora.xtec.cat\/zer-pedrera\/wp-content\/uploads\/usu1473\/2021\/05\/WhatsApp-Image-2021-05-26-at-15.37.41-200x150.jpeg 200w\" sizes=\"auto, (max-width: 577px) 100vw, 577px\" \/><\/p>\n<p>&nbsp;<\/p>\n<p><img loading=\"lazy\" decoding=\"async\" class=\"aligncenter size-full wp-image-4408\" src=\"https:\/\/agora.xtec.cat\/zer-pedrera\/wp-content\/uploads\/usu1473\/2021\/05\/WhatsApp-Image-2021-05-26-at-15.37.47.jpeg\" alt=\"\" width=\"577\" height=\"433\" srcset=\"https:\/\/agora.xtec.cat\/zer-pedrera\/wp-content\/uploads\/usu1473\/2021\/05\/WhatsApp-Image-2021-05-26-at-15.37.47.jpeg 577w, https:\/\/agora.xtec.cat\/zer-pedrera\/wp-content\/uploads\/usu1473\/2021\/05\/WhatsApp-Image-2021-05-26-at-15.37.47-300x225.jpeg 300w, https:\/\/agora.xtec.cat\/zer-pedrera\/wp-content\/uploads\/usu1473\/2021\/05\/WhatsApp-Image-2021-05-26-at-15.37.47-200x150.jpeg 200w\" sizes=\"auto, (max-width: 577px) 100vw, 577px\" \/><\/p>\n","protected":false},"excerpt":{"rendered":"<p>Aquesta setmana, els\/les alumnes de Cicle Mitj\u00e0 i Superior, estem preparant una percussi\u00f3 corporal per participar al GRAN CONCURS DE FINAL DE CURS que tindr\u00e0 lloc la setmana vinent.<br \/>\nEn aquest concurs demostrarem tot el que hem apr\u00e8s durant el curs, i com en els concursos&hellip;  <a href=\"https:\/\/agora.xtec.cat\/zer-pedrera\/general\/percussio-corporal-escola-abat-ruera-2\/\" title=\"Read Percussi\u00f3 corporal! Escola Abat Ruera.\">Llegeix m\u00e9s\u00bb<\/a><\/p>\n","protected":false},"author":1,"featured_media":4407,"comment_status":"open","ping_status":"closed","sticky":false,"template":"","format":"standard","meta":{"_bbp_topic_count":0,"_bbp_reply_count":0,"_bbp_total_topic_count":0,"_bbp_total_reply_count":0,"_bbp_voice_count":0,"_bbp_anonymous_reply_count":0,"_bbp_topic_count_hidden":0,"_bbp_reply_count_hidden":0,"_bbp_forum_subforum_count":0,"footnotes":""},"categories":[110,1,117,118,29,89],"tags":[],"class_list":["post-4405","post","type-post","status-publish","format-standard","has-post-thumbnail","hentry","category-escola-abat-ruera","category-general","category-musica","category-musica-2","category-portada","category-primaria"],"post_mailing_queue_ids":[],"_links":{"self":[{"href":"https:\/\/agora.xtec.cat\/zer-pedrera\/wp-json\/wp\/v2\/posts\/4405","targetHints":{"allow":["GET"]}}],"collection":[{"href":"https:\/\/agora.xtec.cat\/zer-pedrera\/wp-json\/wp\/v2\/posts"}],"about":[{"href":"https:\/\/agora.xtec.cat\/zer-pedrera\/wp-json\/wp\/v2\/types\/post"}],"author":[{"embeddable":true,"href":"https:\/\/agora.xtec.cat\/zer-pedrera\/wp-json\/wp\/v2\/users\/1"}],"replies":[{"embeddable":true,"href":"https:\/\/agora.xtec.cat\/zer-pedrera\/wp-json\/wp\/v2\/comments?post=4405"}],"version-history":[{"count":1,"href":"https:\/\/agora.xtec.cat\/zer-pedrera\/wp-json\/wp\/v2\/posts\/4405\/revisions"}],"predecessor-version":[{"id":4409,"href":"https:\/\/agora.xtec.cat\/zer-pedrera\/wp-json\/wp\/v2\/posts\/4405\/revisions\/4409"}],"wp:featuredmedia":[{"embeddable":true,"href":"https:\/\/agora.xtec.cat\/zer-pedrera\/wp-json\/wp\/v2\/media\/4407"}],"wp:attachment":[{"href":"https:\/\/agora.xtec.cat\/zer-pedrera\/wp-json\/wp\/v2\/media?parent=4405"}],"wp:term":[{"taxonomy":"category","embeddable":true,"href":"https:\/\/agora.xtec.cat\/zer-pedrera\/wp-json\/wp\/v2\/categories?post=4405"},{"taxonomy":"post_tag","embeddable":true,"href":"https:\/\/agora.xtec.cat\/zer-pedrera\/wp-json\/wp\/v2\/tags?post=4405"}],"curies":[{"name":"wp","href":"https:\/\/api.w.org\/{rel}","templated":true}]}}