{"id":4395,"date":"2021-05-28T10:47:58","date_gmt":"2021-05-28T08:47:58","guid":{"rendered":"http:\/\/agora.xtec.cat\/zer-pedrera\/?p=4395"},"modified":"2021-05-28T11:33:58","modified_gmt":"2021-05-28T09:33:58","slug":"taller-de-percussio-a-lescola-abat-ruera","status":"publish","type":"post","link":"https:\/\/agora.xtec.cat\/zer-pedrera\/general\/taller-de-percussio-a-lescola-abat-ruera\/","title":{"rendered":"Taller de percussi\u00f3 a l&#8217;escola Abat Ruera"},"content":{"rendered":"<p>Aquest dimarts 25 de maig, tots els nens i nenes de l&#8217;escola Abat Ruera hem pogut gaudir del fant\u00e0stic taller de batucada a c\u00e0rrec de l&#8217;Uri de SolRe Percussi\u00f3. Ha estat fant\u00e0stic poder experimentar amb els instruments que se&#8217;ns ha facilitat. Al principi, molt soroll; estona despr\u00e9s, un fant\u00e0stic ritme propi de les millors batucades! I hem apr\u00e8s dues can\u00e7ons: Matador i Samba!!!<\/p>\n<p><em><strong>Cliqueu sobre la imatge si voleu veure les fotografies i els v\u00eddeos!<\/strong><\/em><\/p>\n<p>(Per cert, als v\u00eddeos podreu veure l&#8217;evoluci\u00f3 que hem fet al llarg del taller).<\/p>\n<p>&nbsp;<\/p>\n<p><a href=\"https:\/\/photos.app.goo.gl\/17CdrVUHVmcqz4se9\" target=\"_blank\" rel=\"noopener noreferrer\"><img loading=\"lazy\" decoding=\"async\" class=\"aligncenter size-full wp-image-4402\" src=\"https:\/\/agora.xtec.cat\/zer-pedrera\/wp-content\/uploads\/usu1473\/2021\/05\/20210525_153823.jpg\" alt=\"\" width=\"745\" height=\"335\" srcset=\"https:\/\/agora.xtec.cat\/zer-pedrera\/wp-content\/uploads\/usu1473\/2021\/05\/20210525_153823.jpg 745w, https:\/\/agora.xtec.cat\/zer-pedrera\/wp-content\/uploads\/usu1473\/2021\/05\/20210525_153823-300x135.jpg 300w\" sizes=\"auto, (max-width: 745px) 100vw, 745px\" \/><\/a><\/p>\n","protected":false},"excerpt":{"rendered":"<p>Aquest dimarts 25 de maig, tots els nens i nenes de l&#8217;escola Abat Ruera hem pogut gaudir del fant\u00e0stic taller de batucada a c\u00e0rrec de l&#8217;Uri de SolRe Percussi\u00f3. Ha estat fant\u00e0stic poder experimentar amb els instruments que se&#8217;ns ha facilitat. Al principi, molt soroll;&hellip;  <a href=\"https:\/\/agora.xtec.cat\/zer-pedrera\/general\/taller-de-percussio-a-lescola-abat-ruera\/\" title=\"Read Taller de percussi\u00f3 a l&#8217;escola Abat Ruera\">Llegeix m\u00e9s\u00bb<\/a><\/p>\n","protected":false},"author":1,"featured_media":4402,"comment_status":"open","ping_status":"closed","sticky":false,"template":"","format":"standard","meta":{"_bbp_topic_count":0,"_bbp_reply_count":0,"_bbp_total_topic_count":0,"_bbp_total_reply_count":0,"_bbp_voice_count":0,"_bbp_anonymous_reply_count":0,"_bbp_topic_count_hidden":0,"_bbp_reply_count_hidden":0,"_bbp_forum_subforum_count":0,"footnotes":""},"categories":[113,110,1,118,29,89],"tags":[],"class_list":["post-4395","post","type-post","status-publish","format-standard","has-post-thumbnail","hentry","category-e-infantil","category-escola-abat-ruera","category-general","category-musica-2","category-portada","category-primaria"],"post_mailing_queue_ids":[],"_links":{"self":[{"href":"https:\/\/agora.xtec.cat\/zer-pedrera\/wp-json\/wp\/v2\/posts\/4395","targetHints":{"allow":["GET"]}}],"collection":[{"href":"https:\/\/agora.xtec.cat\/zer-pedrera\/wp-json\/wp\/v2\/posts"}],"about":[{"href":"https:\/\/agora.xtec.cat\/zer-pedrera\/wp-json\/wp\/v2\/types\/post"}],"author":[{"embeddable":true,"href":"https:\/\/agora.xtec.cat\/zer-pedrera\/wp-json\/wp\/v2\/users\/1"}],"replies":[{"embeddable":true,"href":"https:\/\/agora.xtec.cat\/zer-pedrera\/wp-json\/wp\/v2\/comments?post=4395"}],"version-history":[{"count":3,"href":"https:\/\/agora.xtec.cat\/zer-pedrera\/wp-json\/wp\/v2\/posts\/4395\/revisions"}],"predecessor-version":[{"id":4404,"href":"https:\/\/agora.xtec.cat\/zer-pedrera\/wp-json\/wp\/v2\/posts\/4395\/revisions\/4404"}],"wp:featuredmedia":[{"embeddable":true,"href":"https:\/\/agora.xtec.cat\/zer-pedrera\/wp-json\/wp\/v2\/media\/4402"}],"wp:attachment":[{"href":"https:\/\/agora.xtec.cat\/zer-pedrera\/wp-json\/wp\/v2\/media?parent=4395"}],"wp:term":[{"taxonomy":"category","embeddable":true,"href":"https:\/\/agora.xtec.cat\/zer-pedrera\/wp-json\/wp\/v2\/categories?post=4395"},{"taxonomy":"post_tag","embeddable":true,"href":"https:\/\/agora.xtec.cat\/zer-pedrera\/wp-json\/wp\/v2\/tags?post=4395"}],"curies":[{"name":"wp","href":"https:\/\/api.w.org\/{rel}","templated":true}]}}