{"id":4389,"date":"2021-05-24T22:42:40","date_gmt":"2021-05-24T20:42:40","guid":{"rendered":"http:\/\/agora.xtec.cat\/zer-pedrera\/?p=4389"},"modified":"2021-05-24T23:00:45","modified_gmt":"2021-05-24T21:00:45","slug":"el-rap-de-les-xarxes-de-lescola-abat-ruera","status":"publish","type":"post","link":"https:\/\/agora.xtec.cat\/zer-pedrera\/general\/el-rap-de-les-xarxes-de-lescola-abat-ruera\/","title":{"rendered":"El RaP dE leS XaRXeS&#8230; de l&#8217;escola Abat Ruera."},"content":{"rendered":"<div class=\"gs\">\n<div class=\"\">\n<div id=\":1go\" class=\"ii gt\">\n<div id=\":1gp\" class=\"a3s aiL \">\n<div dir=\"ltr\">\n<p>El <b>Dia de la Internet Segura<\/b> es celebra el segon dimarts de <span style=\"color: #000000;\"><a style=\"color: #000000;\">febrer<\/a>\u00a0<\/span>de cada any. Aquesta data la va proposar la\u00a0UE, per\u00f2\u00a0ha estat assumida per molts pa\u00efsos d&#8217;arreu del m\u00f3n, que aprofiten aquesta efem\u00e8ride per reflexionar i prendre consci\u00e8ncia de la necessitat d&#8217;una\u00a0<span style=\"color: #000000;\"><a style=\"color: #000000;\">Internet<\/a>\u00a0<\/span>m\u00e9s segura, especialment per al col\u00b7lectiu de joves i infants.<\/p>\n<p>Cada any, la UE proposa un lema i un v\u00eddeo que reflexiona sobre algun aspecte de la seguretat dels menors a la xarxa. Enguany la proposta educativa ha estat fer un rap.<\/p>\n<p>L&#8217;escola Abat Ruera ens hem volgut unir a aquesta iniciativa i des de l&#8217;\u00e0rea de Valors hem treballat un rap utilitzant com a base la m\u00fasica de la can\u00e7\u00f3 &#8220;Somos valientes&#8221; del raper Langui. Hem analitzat la influ\u00e8ncia de les xarxes socials, les conseq\u00fc\u00e8ncies dels nostres actes en aquest entorn i la import\u00e0ncia dels adults per ajudar-nos a con\u00e8ixer el seu funcionament.<\/p>\n<p><strong>Els alumnes s&#8217;han inventat tota la lletra i la coreografia del rap. Ha estat una experi\u00e8ncia molt gratificant. Aqu\u00ed podeu veure el resultat. Esperem que us agradi!<\/strong><\/p>\n<\/div>\n<div class=\"yj6qo\"><\/div>\n<\/div>\n<\/div>\n<div class=\"hi\"><\/div>\n<div><iframe loading=\"lazy\" src=\"\/\/www.youtube.com\/embed\/LBy6pVe_NP8\" width=\"560\" height=\"314\"><\/iframe><\/div>\n<div><\/div>\n<div><\/div>\n<\/div>\n<\/div>\n","protected":false},"excerpt":{"rendered":"<p>El Dia de la Internet Segura es celebra el segon dimarts de <a style=\"color: #000000;\">febrer<\/a>\u00a0de cada any. Aquesta data la va proposar la\u00a0UE, per\u00f2\u00a0ha estat assumida per molts pa\u00efsos d&#8217;arreu del m\u00f3n, que aprofiten aquesta efem\u00e8ride per reflexionar i prendre consci\u00e8ncia de la necessitat d&#8217;una\u00a0<a&hellip;  <a href=\"https:\/\/agora.xtec.cat\/zer-pedrera\/general\/el-rap-de-les-xarxes-de-lescola-abat-ruera\/\" title=\"Read El RaP dE leS XaRXeS&#8230; de l&#8217;escola Abat Ruera.\">Llegeix m\u00e9s\u00bb<\/a><\/p>\n","protected":false},"author":1,"featured_media":4393,"comment_status":"open","ping_status":"closed","sticky":false,"template":"","format":"standard","meta":{"_bbp_topic_count":0,"_bbp_reply_count":0,"_bbp_total_topic_count":0,"_bbp_total_reply_count":0,"_bbp_voice_count":0,"_bbp_anonymous_reply_count":0,"_bbp_topic_count_hidden":0,"_bbp_reply_count_hidden":0,"_bbp_forum_subforum_count":0,"footnotes":""},"categories":[145,110,1,29,89,122],"tags":[],"class_list":["post-4389","post","type-post","status-publish","format-standard","has-post-thumbnail","hentry","category-educacio-en-valors","category-escola-abat-ruera","category-general","category-portada","category-primaria","category-valors"],"post_mailing_queue_ids":[],"_links":{"self":[{"href":"https:\/\/agora.xtec.cat\/zer-pedrera\/wp-json\/wp\/v2\/posts\/4389","targetHints":{"allow":["GET"]}}],"collection":[{"href":"https:\/\/agora.xtec.cat\/zer-pedrera\/wp-json\/wp\/v2\/posts"}],"about":[{"href":"https:\/\/agora.xtec.cat\/zer-pedrera\/wp-json\/wp\/v2\/types\/post"}],"author":[{"embeddable":true,"href":"https:\/\/agora.xtec.cat\/zer-pedrera\/wp-json\/wp\/v2\/users\/1"}],"replies":[{"embeddable":true,"href":"https:\/\/agora.xtec.cat\/zer-pedrera\/wp-json\/wp\/v2\/comments?post=4389"}],"version-history":[{"count":3,"href":"https:\/\/agora.xtec.cat\/zer-pedrera\/wp-json\/wp\/v2\/posts\/4389\/revisions"}],"predecessor-version":[{"id":4394,"href":"https:\/\/agora.xtec.cat\/zer-pedrera\/wp-json\/wp\/v2\/posts\/4389\/revisions\/4394"}],"wp:featuredmedia":[{"embeddable":true,"href":"https:\/\/agora.xtec.cat\/zer-pedrera\/wp-json\/wp\/v2\/media\/4393"}],"wp:attachment":[{"href":"https:\/\/agora.xtec.cat\/zer-pedrera\/wp-json\/wp\/v2\/media?parent=4389"}],"wp:term":[{"taxonomy":"category","embeddable":true,"href":"https:\/\/agora.xtec.cat\/zer-pedrera\/wp-json\/wp\/v2\/categories?post=4389"},{"taxonomy":"post_tag","embeddable":true,"href":"https:\/\/agora.xtec.cat\/zer-pedrera\/wp-json\/wp\/v2\/tags?post=4389"}],"curies":[{"name":"wp","href":"https:\/\/api.w.org\/{rel}","templated":true}]}}