{"id":4357,"date":"2021-05-24T09:22:09","date_gmt":"2021-05-24T07:22:09","guid":{"rendered":"http:\/\/agora.xtec.cat\/zer-pedrera\/?p=4357"},"modified":"2021-05-24T09:47:43","modified_gmt":"2021-05-24T07:47:43","slug":"resum-de-la-jornada-esportiva-escola-abat-ruera","status":"publish","type":"post","link":"https:\/\/agora.xtec.cat\/zer-pedrera\/general\/resum-de-la-jornada-esportiva-escola-abat-ruera\/","title":{"rendered":"Resum de la Jornada esportiva. Escola Abat Ruera."},"content":{"rendered":"<p>Mentre els petits de l&#8217;escola gaudien de diferents activitats esportives com circuits de psicomotricitat, gimcanes esportives o les Balance Bikes, els grans viatj\u00e0vem a cop de pedal cap a la localitat ve\u00efna d&#8217;Arbeca, on visit\u00e0rem la fortalesa ib\u00e8rica dels Vilars.<\/p>\n<p>Malgrat el vent que va bufar tot el dia, la temperatura agradable i el sol ens varen acompanyar durant tot el dia.<\/p>\n<p>Va ser una gran experi\u00e8ncia de conviv\u00e8ncia, de germanor i, alhora, de superaci\u00f3!<\/p>\n<p>Voleu veure les fotos?<\/p>\n<p><em><strong>Cliqueu sobre la imatge si voleu veure les fotos d&#8217;Educaci\u00f3 Infantil.<\/strong><\/em><\/p>\n<p><a href=\"https:\/\/photos.app.goo.gl\/KB4ecqChjzHoD4ok8\" target=\"_blank\" rel=\"noopener noreferrer\"><img loading=\"lazy\" decoding=\"async\" class=\"aligncenter size-full wp-image-4366\" src=\"https:\/\/agora.xtec.cat\/zer-pedrera\/wp-content\/uploads\/usu1473\/2021\/05\/IMG-20210514-WA0029.jpg\" alt=\"\" width=\"666\" height=\"374\" srcset=\"https:\/\/agora.xtec.cat\/zer-pedrera\/wp-content\/uploads\/usu1473\/2021\/05\/IMG-20210514-WA0029.jpg 666w, https:\/\/agora.xtec.cat\/zer-pedrera\/wp-content\/uploads\/usu1473\/2021\/05\/IMG-20210514-WA0029-300x168.jpg 300w\" sizes=\"auto, (max-width: 666px) 100vw, 666px\" \/><\/a><\/p>\n<p><em><strong>Cliqueu sobre la imatge si voleu veure les fotos d&#8217;Educaci\u00f3 Prim\u00e0ria.<\/strong><\/em><\/p>\n<p><a href=\"https:\/\/photos.app.goo.gl\/TfT6T43YbciPjLSz5\" target=\"_blank\" rel=\"noopener noreferrer\"><img loading=\"lazy\" decoding=\"async\" class=\"aligncenter wp-image-4367\" src=\"https:\/\/agora.xtec.cat\/zer-pedrera\/wp-content\/uploads\/usu1473\/2021\/05\/20210514_105417.jpg\" alt=\"\" width=\"670\" height=\"301\" srcset=\"https:\/\/agora.xtec.cat\/zer-pedrera\/wp-content\/uploads\/usu1473\/2021\/05\/20210514_105417.jpg 507w, https:\/\/agora.xtec.cat\/zer-pedrera\/wp-content\/uploads\/usu1473\/2021\/05\/20210514_105417-300x135.jpg 300w\" sizes=\"auto, (max-width: 670px) 100vw, 670px\" \/><\/a><\/p>\n","protected":false},"excerpt":{"rendered":"<p>Mentre els petits de l&#8217;escola gaudien de diferents activitats esportives com circuits de psicomotricitat, gimcanes esportives o les Balance Bikes, els grans viatj\u00e0vem a cop de pedal cap a la localitat ve\u00efna d&#8217;Arbeca, on visit\u00e0rem la fortalesa ib\u00e8rica dels Vilars.<br \/>\nMalgrat el vent que va bufar&hellip;  <a href=\"https:\/\/agora.xtec.cat\/zer-pedrera\/general\/resum-de-la-jornada-esportiva-escola-abat-ruera\/\" title=\"Read Resum de la Jornada esportiva. Escola Abat Ruera.\">Llegeix m\u00e9s\u00bb<\/a><\/p>\n","protected":false},"author":1,"featured_media":4367,"comment_status":"open","ping_status":"closed","sticky":false,"template":"","format":"standard","meta":{"_bbp_topic_count":0,"_bbp_reply_count":0,"_bbp_total_topic_count":0,"_bbp_total_reply_count":0,"_bbp_voice_count":0,"_bbp_anonymous_reply_count":0,"_bbp_topic_count_hidden":0,"_bbp_reply_count_hidden":0,"_bbp_forum_subforum_count":0,"footnotes":""},"categories":[113,110,1,29,89],"tags":[],"class_list":["post-4357","post","type-post","status-publish","format-standard","has-post-thumbnail","hentry","category-e-infantil","category-escola-abat-ruera","category-general","category-portada","category-primaria"],"post_mailing_queue_ids":[],"_links":{"self":[{"href":"https:\/\/agora.xtec.cat\/zer-pedrera\/wp-json\/wp\/v2\/posts\/4357","targetHints":{"allow":["GET"]}}],"collection":[{"href":"https:\/\/agora.xtec.cat\/zer-pedrera\/wp-json\/wp\/v2\/posts"}],"about":[{"href":"https:\/\/agora.xtec.cat\/zer-pedrera\/wp-json\/wp\/v2\/types\/post"}],"author":[{"embeddable":true,"href":"https:\/\/agora.xtec.cat\/zer-pedrera\/wp-json\/wp\/v2\/users\/1"}],"replies":[{"embeddable":true,"href":"https:\/\/agora.xtec.cat\/zer-pedrera\/wp-json\/wp\/v2\/comments?post=4357"}],"version-history":[{"count":2,"href":"https:\/\/agora.xtec.cat\/zer-pedrera\/wp-json\/wp\/v2\/posts\/4357\/revisions"}],"predecessor-version":[{"id":4375,"href":"https:\/\/agora.xtec.cat\/zer-pedrera\/wp-json\/wp\/v2\/posts\/4357\/revisions\/4375"}],"wp:featuredmedia":[{"embeddable":true,"href":"https:\/\/agora.xtec.cat\/zer-pedrera\/wp-json\/wp\/v2\/media\/4367"}],"wp:attachment":[{"href":"https:\/\/agora.xtec.cat\/zer-pedrera\/wp-json\/wp\/v2\/media?parent=4357"}],"wp:term":[{"taxonomy":"category","embeddable":true,"href":"https:\/\/agora.xtec.cat\/zer-pedrera\/wp-json\/wp\/v2\/categories?post=4357"},{"taxonomy":"post_tag","embeddable":true,"href":"https:\/\/agora.xtec.cat\/zer-pedrera\/wp-json\/wp\/v2\/tags?post=4357"}],"curies":[{"name":"wp","href":"https:\/\/api.w.org\/{rel}","templated":true}]}}