{"id":4352,"date":"2021-05-22T13:58:27","date_gmt":"2021-05-22T11:58:27","guid":{"rendered":"http:\/\/agora.xtec.cat\/zer-pedrera\/?p=4352"},"modified":"2021-05-22T13:58:27","modified_gmt":"2021-05-22T11:58:27","slug":"bicicletada-font-de-les-ventoses","status":"publish","type":"post","link":"https:\/\/agora.xtec.cat\/zer-pedrera\/general\/bicicletada-font-de-les-ventoses\/","title":{"rendered":"BICICLETADA-FONT DE LES VENTOSES"},"content":{"rendered":"<p>El dijous, dia 20 de maig, vam fer una sortida, de tot el dia, amb els alumnes de cicle mitj\u00e0 i superior de l&#8217;escola Porcel de Cervera, a la font de Les Ventoses, al terme de Fulleda.<\/p>\n<p>Durant el cam\u00ed vam poder gaudir d&#8217;un paissatge molt bonic, amb una vall verda, de camps de conreu i bosc i amb pujadetes que calia superar pedalant amb ganes!<\/p>\n<p>A mig mat\u00ed, vam parar a esmorzar en un tram del cam\u00ed per agafar forces i continuar.<\/p>\n<p>Hem de dir que tots els alumnes vam fer el recorregut sense cap problema, \u00e9s m\u00e9s, estavem tots tan animats que vam decidir arribar fins al poble de Fulleda. All\u00ed vam parar per jugar en el parc esportiu de la localitat, un veritable gimn\u00e0s a l&#8217;aire lliure i despr\u00e9s vam anar a la pista a dinar.<\/p>\n<p>Quan vam acabar de dinar i jugar pels voltants de\u00a0 la pista vam realitzar un recorregut tur\u00edstic pel poble de Fulleda.<\/p>\n<p>Si cliqueu a la imatge podreu veure un recull fotogr\u00e0fic de la jornada.<\/p>\n<p><a href=\"https:\/\/photos.app.goo.gl\/5thhBBqmWrK5BHxK6\"><img loading=\"lazy\" decoding=\"async\" class=\"aligncenter size-full wp-image-4353\" src=\"https:\/\/agora.xtec.cat\/zer-pedrera\/wp-content\/uploads\/usu1473\/2021\/05\/Bicicletada.jpg\" alt=\"\" width=\"270\" height=\"183\" \/><\/a><\/p>\n","protected":false},"excerpt":{"rendered":"<p>El dijous, dia 20 de maig, vam fer una sortida, de tot el dia, amb els alumnes de cicle mitj\u00e0 i superior de l&#8217;escola Porcel de Cervera, a la font de Les Ventoses, al terme de Fulleda.<br \/>\nDurant el cam\u00ed vam poder gaudir d&#8217;un paissatge molt&hellip;  <a href=\"https:\/\/agora.xtec.cat\/zer-pedrera\/general\/bicicletada-font-de-les-ventoses\/\" title=\"Read BICICLETADA-FONT DE LES VENTOSES\">Llegeix m\u00e9s\u00bb<\/a><\/p>\n","protected":false},"author":1,"featured_media":4353,"comment_status":"open","ping_status":"closed","sticky":false,"template":"","format":"standard","meta":{"_bbp_topic_count":0,"_bbp_reply_count":0,"_bbp_total_topic_count":0,"_bbp_total_reply_count":0,"_bbp_voice_count":0,"_bbp_anonymous_reply_count":0,"_bbp_topic_count_hidden":0,"_bbp_reply_count_hidden":0,"_bbp_forum_subforum_count":0,"footnotes":""},"categories":[111,1,29],"tags":[],"class_list":["post-4352","post","type-post","status-publish","format-standard","has-post-thumbnail","hentry","category-escola-porcel-de-cervera","category-general","category-portada"],"post_mailing_queue_ids":[],"_links":{"self":[{"href":"https:\/\/agora.xtec.cat\/zer-pedrera\/wp-json\/wp\/v2\/posts\/4352","targetHints":{"allow":["GET"]}}],"collection":[{"href":"https:\/\/agora.xtec.cat\/zer-pedrera\/wp-json\/wp\/v2\/posts"}],"about":[{"href":"https:\/\/agora.xtec.cat\/zer-pedrera\/wp-json\/wp\/v2\/types\/post"}],"author":[{"embeddable":true,"href":"https:\/\/agora.xtec.cat\/zer-pedrera\/wp-json\/wp\/v2\/users\/1"}],"replies":[{"embeddable":true,"href":"https:\/\/agora.xtec.cat\/zer-pedrera\/wp-json\/wp\/v2\/comments?post=4352"}],"version-history":[{"count":3,"href":"https:\/\/agora.xtec.cat\/zer-pedrera\/wp-json\/wp\/v2\/posts\/4352\/revisions"}],"predecessor-version":[{"id":4356,"href":"https:\/\/agora.xtec.cat\/zer-pedrera\/wp-json\/wp\/v2\/posts\/4352\/revisions\/4356"}],"wp:featuredmedia":[{"embeddable":true,"href":"https:\/\/agora.xtec.cat\/zer-pedrera\/wp-json\/wp\/v2\/media\/4353"}],"wp:attachment":[{"href":"https:\/\/agora.xtec.cat\/zer-pedrera\/wp-json\/wp\/v2\/media?parent=4352"}],"wp:term":[{"taxonomy":"category","embeddable":true,"href":"https:\/\/agora.xtec.cat\/zer-pedrera\/wp-json\/wp\/v2\/categories?post=4352"},{"taxonomy":"post_tag","embeddable":true,"href":"https:\/\/agora.xtec.cat\/zer-pedrera\/wp-json\/wp\/v2\/tags?post=4352"}],"curies":[{"name":"wp","href":"https:\/\/api.w.org\/{rel}","templated":true}]}}