{"id":4347,"date":"2021-05-20T10:01:37","date_gmt":"2021-05-20T08:01:37","guid":{"rendered":"http:\/\/agora.xtec.cat\/zer-pedrera\/?p=4347"},"modified":"2021-05-20T10:01:37","modified_gmt":"2021-05-20T08:01:37","slug":"construim-un-dolmen-escola-porcel-de-cervera","status":"publish","type":"post","link":"https:\/\/agora.xtec.cat\/zer-pedrera\/general\/construim-un-dolmen-escola-porcel-de-cervera\/","title":{"rendered":"CONSTRU\u00cfM UN DOLMEN &#8211; ESCOLA PORCEL DE CERVERA"},"content":{"rendered":"<p>Amb els alumnes de CM i CS hem comen\u00e7at a treballar la hist\u00f2ria a Coneixement del Medi.<\/p>\n<p>Hem comen\u00e7at per la prehist\u00f2ria i hem descobert els monuments megal\u00edtics que constru\u00efen aquestes persones.<\/p>\n<p>\u00c9s per aix\u00f2 que a classe hem realitzat una maqueta d&#8217;un dolmen.<\/p>\n<p>Podeu veure les fotos clicant en la imatge:<\/p>\n<p><a href=\"https:\/\/photos.app.goo.gl\/GQxhowfsUa4Nsr1ZA\"><img loading=\"lazy\" decoding=\"async\" class=\"aligncenter  wp-image-4348\" src=\"https:\/\/agora.xtec.cat\/zer-pedrera\/wp-content\/uploads\/usu1473\/2021\/05\/dolmen1.jpg\" alt=\"\" width=\"468\" height=\"625\" \/><\/a><\/p>\n","protected":false},"excerpt":{"rendered":"<p>Amb els alumnes de CM i CS hem comen\u00e7at a treballar la hist\u00f2ria a Coneixement del Medi.<br \/>\nHem comen\u00e7at per la prehist\u00f2ria i hem descobert els monuments megal\u00edtics que constru\u00efen aquestes persones.<br \/>\n\u00c9s per aix\u00f2 que a classe hem realitzat una maqueta d&#8217;un dolmen.<br \/>\nPodeu veure les fotos&hellip;  <a href=\"https:\/\/agora.xtec.cat\/zer-pedrera\/general\/construim-un-dolmen-escola-porcel-de-cervera\/\" title=\"Read CONSTRU\u00cfM UN DOLMEN &#8211; ESCOLA PORCEL DE CERVERA\">Llegeix m\u00e9s\u00bb<\/a><\/p>\n","protected":false},"author":1,"featured_media":4349,"comment_status":"open","ping_status":"closed","sticky":false,"template":"","format":"standard","meta":{"_bbp_topic_count":0,"_bbp_reply_count":0,"_bbp_total_topic_count":0,"_bbp_total_reply_count":0,"_bbp_voice_count":0,"_bbp_anonymous_reply_count":0,"_bbp_topic_count_hidden":0,"_bbp_reply_count_hidden":0,"_bbp_forum_subforum_count":0,"footnotes":""},"categories":[111,1,116,29,89],"tags":[],"class_list":["post-4347","post","type-post","status-publish","format-standard","has-post-thumbnail","hentry","category-escola-porcel-de-cervera","category-general","category-medi","category-portada","category-primaria"],"post_mailing_queue_ids":[],"_links":{"self":[{"href":"https:\/\/agora.xtec.cat\/zer-pedrera\/wp-json\/wp\/v2\/posts\/4347","targetHints":{"allow":["GET"]}}],"collection":[{"href":"https:\/\/agora.xtec.cat\/zer-pedrera\/wp-json\/wp\/v2\/posts"}],"about":[{"href":"https:\/\/agora.xtec.cat\/zer-pedrera\/wp-json\/wp\/v2\/types\/post"}],"author":[{"embeddable":true,"href":"https:\/\/agora.xtec.cat\/zer-pedrera\/wp-json\/wp\/v2\/users\/1"}],"replies":[{"embeddable":true,"href":"https:\/\/agora.xtec.cat\/zer-pedrera\/wp-json\/wp\/v2\/comments?post=4347"}],"version-history":[{"count":1,"href":"https:\/\/agora.xtec.cat\/zer-pedrera\/wp-json\/wp\/v2\/posts\/4347\/revisions"}],"predecessor-version":[{"id":4350,"href":"https:\/\/agora.xtec.cat\/zer-pedrera\/wp-json\/wp\/v2\/posts\/4347\/revisions\/4350"}],"wp:featuredmedia":[{"embeddable":true,"href":"https:\/\/agora.xtec.cat\/zer-pedrera\/wp-json\/wp\/v2\/media\/4349"}],"wp:attachment":[{"href":"https:\/\/agora.xtec.cat\/zer-pedrera\/wp-json\/wp\/v2\/media?parent=4347"}],"wp:term":[{"taxonomy":"category","embeddable":true,"href":"https:\/\/agora.xtec.cat\/zer-pedrera\/wp-json\/wp\/v2\/categories?post=4347"},{"taxonomy":"post_tag","embeddable":true,"href":"https:\/\/agora.xtec.cat\/zer-pedrera\/wp-json\/wp\/v2\/tags?post=4347"}],"curies":[{"name":"wp","href":"https:\/\/api.w.org\/{rel}","templated":true}]}}