{"id":4342,"date":"2021-05-19T13:31:39","date_gmt":"2021-05-19T11:31:39","guid":{"rendered":"http:\/\/agora.xtec.cat\/zer-pedrera\/?p=4342"},"modified":"2021-05-19T13:33:24","modified_gmt":"2021-05-19T11:33:24","slug":"arquitectes-en-equip-tutoria-escola-porcel-de-cervera","status":"publish","type":"post","link":"https:\/\/agora.xtec.cat\/zer-pedrera\/general\/arquitectes-en-equip-tutoria-escola-porcel-de-cervera\/","title":{"rendered":"ARQUITECTES EN EQUIP- TUTORIA ESCOLA PORCEL DE CERVERA"},"content":{"rendered":"<p>Els alumnes de CM I CS de l&#8217;Espluga a la sisena hora de tutoria hem fet una activitat sobre el treball en equip.<\/p>\n<p>Hem sortit al pati per tal de fer d&#8217;arquitectes amb el seu propi cos.<\/p>\n<p>I us preguntareu com ho hem fet oi?<\/p>\n<p>Doncs ha comen\u00e7at a sonar la m\u00fasica i quan parava, havien de formar entre tota la classe la figura geom\u00e8trica que se&#8217;ls proposava.<\/p>\n<p>Al finalitzar hem fet un debat sobre el que ha passat:<\/p>\n<ul>\n<li>Treballar conjuntament tota la classe \u00e9s m\u00e9s complicat que fer-ho en petits grups.<\/li>\n<li>Hi ha hagut alguns alumnes m\u00e9s l\u00edders que d&#8217;altres.<\/li>\n<li>A vegades s&#8217;ha de cedir per poder aconseguir els objectius proposats.<\/li>\n<\/ul>\n<p>Si voleu veure algunes de les fotos cliqueu en la imatge.<\/p>\n<p><a href=\"https:\/\/photos.app.goo.gl\/1Z9RFvu1RfAL4fnp9\"><img loading=\"lazy\" decoding=\"async\" class=\"aligncenter size-full wp-image-4344\" src=\"https:\/\/agora.xtec.cat\/zer-pedrera\/wp-content\/uploads\/usu1473\/2021\/05\/baixa.jpg\" alt=\"\" width=\"259\" height=\"194\" srcset=\"https:\/\/agora.xtec.cat\/zer-pedrera\/wp-content\/uploads\/usu1473\/2021\/05\/baixa.jpg 259w, https:\/\/agora.xtec.cat\/zer-pedrera\/wp-content\/uploads\/usu1473\/2021\/05\/baixa-200x150.jpg 200w\" sizes=\"auto, (max-width: 259px) 100vw, 259px\" \/><\/a><\/p>\n<p>&nbsp;<\/p>\n","protected":false},"excerpt":{"rendered":"<p>Els alumnes de CM I CS de l&#8217;Espluga a la sisena hora de tutoria hem fet una activitat sobre el treball en equip.<br \/>\nHem sortit al pati per tal de fer d&#8217;arquitectes amb el seu propi cos.<br \/>\nI us preguntareu com ho hem fet oi?<br \/>\nDoncs ha comen\u00e7at&hellip;  <a href=\"https:\/\/agora.xtec.cat\/zer-pedrera\/general\/arquitectes-en-equip-tutoria-escola-porcel-de-cervera\/\" title=\"Read ARQUITECTES EN EQUIP- TUTORIA ESCOLA PORCEL DE CERVERA\">Llegeix m\u00e9s\u00bb<\/a><\/p>\n","protected":false},"author":1,"featured_media":4343,"comment_status":"open","ping_status":"closed","sticky":false,"template":"","format":"standard","meta":{"_bbp_topic_count":0,"_bbp_reply_count":0,"_bbp_total_topic_count":0,"_bbp_total_reply_count":0,"_bbp_voice_count":0,"_bbp_anonymous_reply_count":0,"_bbp_topic_count_hidden":0,"_bbp_reply_count_hidden":0,"_bbp_forum_subforum_count":0,"footnotes":""},"categories":[111,1,29,89],"tags":[],"class_list":["post-4342","post","type-post","status-publish","format-standard","has-post-thumbnail","hentry","category-escola-porcel-de-cervera","category-general","category-portada","category-primaria"],"post_mailing_queue_ids":[],"_links":{"self":[{"href":"https:\/\/agora.xtec.cat\/zer-pedrera\/wp-json\/wp\/v2\/posts\/4342","targetHints":{"allow":["GET"]}}],"collection":[{"href":"https:\/\/agora.xtec.cat\/zer-pedrera\/wp-json\/wp\/v2\/posts"}],"about":[{"href":"https:\/\/agora.xtec.cat\/zer-pedrera\/wp-json\/wp\/v2\/types\/post"}],"author":[{"embeddable":true,"href":"https:\/\/agora.xtec.cat\/zer-pedrera\/wp-json\/wp\/v2\/users\/1"}],"replies":[{"embeddable":true,"href":"https:\/\/agora.xtec.cat\/zer-pedrera\/wp-json\/wp\/v2\/comments?post=4342"}],"version-history":[{"count":2,"href":"https:\/\/agora.xtec.cat\/zer-pedrera\/wp-json\/wp\/v2\/posts\/4342\/revisions"}],"predecessor-version":[{"id":4346,"href":"https:\/\/agora.xtec.cat\/zer-pedrera\/wp-json\/wp\/v2\/posts\/4342\/revisions\/4346"}],"wp:featuredmedia":[{"embeddable":true,"href":"https:\/\/agora.xtec.cat\/zer-pedrera\/wp-json\/wp\/v2\/media\/4343"}],"wp:attachment":[{"href":"https:\/\/agora.xtec.cat\/zer-pedrera\/wp-json\/wp\/v2\/media?parent=4342"}],"wp:term":[{"taxonomy":"category","embeddable":true,"href":"https:\/\/agora.xtec.cat\/zer-pedrera\/wp-json\/wp\/v2\/categories?post=4342"},{"taxonomy":"post_tag","embeddable":true,"href":"https:\/\/agora.xtec.cat\/zer-pedrera\/wp-json\/wp\/v2\/tags?post=4342"}],"curies":[{"name":"wp","href":"https:\/\/api.w.org\/{rel}","templated":true}]}}