{"id":4322,"date":"2021-05-13T17:02:49","date_gmt":"2021-05-13T15:02:49","guid":{"rendered":"http:\/\/agora.xtec.cat\/zer-pedrera\/?p=4322"},"modified":"2021-05-13T17:11:20","modified_gmt":"2021-05-13T15:11:20","slug":"tallers-13-maig-escola-porcel-de-cervera","status":"publish","type":"post","link":"https:\/\/agora.xtec.cat\/zer-pedrera\/general\/tallers-13-maig-escola-porcel-de-cervera\/","title":{"rendered":"TALLERS-13 MAIG-ESCOLA PORCEL DE CERVERA"},"content":{"rendered":"<p>&nbsp;<\/p>\n<p><a href=\"https:\/\/photos.app.goo.gl\/3yfAfPp9J5mktuo17\"><img loading=\"lazy\" decoding=\"async\" class=\"wp-image-4323 aligncenter\" src=\"https:\/\/agora.xtec.cat\/zer-pedrera\/wp-content\/uploads\/usu1473\/2021\/05\/Manzana-Extra.jpg\" alt=\"\" width=\"100\" height=\"100\" srcset=\"https:\/\/agora.xtec.cat\/zer-pedrera\/wp-content\/uploads\/usu1473\/2021\/05\/Manzana-Extra.jpg 900w, https:\/\/agora.xtec.cat\/zer-pedrera\/wp-content\/uploads\/usu1473\/2021\/05\/Manzana-Extra-150x150.jpg 150w, https:\/\/agora.xtec.cat\/zer-pedrera\/wp-content\/uploads\/usu1473\/2021\/05\/Manzana-Extra-300x300.jpg 300w, https:\/\/agora.xtec.cat\/zer-pedrera\/wp-content\/uploads\/usu1473\/2021\/05\/Manzana-Extra-768x768.jpg 768w\" sizes=\"auto, (max-width: 100px) 100vw, 100px\" \/><\/a><span style=\"font-family: inherit; font-size: 1em;\">Si cliqueu a la poma i al timbal, que trobareu dins l&#8217;article, veureu les fotos i els v\u00eddeos del Taller de la fruita i la llet, del mat\u00ed, i del Taller de percussi\u00f3, de la tarda.<\/span><\/p>\n<p>Han xalat de valent avui!! \ud83d\udc4f\ud83d\udc4f\ud83d\udc4f<a href=\"https:\/\/photos.app.goo.gl\/io58WRwQZDQ4HArm7\"><img loading=\"lazy\" decoding=\"async\" class=\"wp-image-4324 aligncenter\" src=\"https:\/\/agora.xtec.cat\/zer-pedrera\/wp-content\/uploads\/usu1473\/2021\/05\/caja-tambor-ilustracion-dibujos-animados-palos_123553-285.jpg\" alt=\"\" width=\"155\" height=\"155\" srcset=\"https:\/\/agora.xtec.cat\/zer-pedrera\/wp-content\/uploads\/usu1473\/2021\/05\/caja-tambor-ilustracion-dibujos-animados-palos_123553-285.jpg 626w, https:\/\/agora.xtec.cat\/zer-pedrera\/wp-content\/uploads\/usu1473\/2021\/05\/caja-tambor-ilustracion-dibujos-animados-palos_123553-285-150x150.jpg 150w, https:\/\/agora.xtec.cat\/zer-pedrera\/wp-content\/uploads\/usu1473\/2021\/05\/caja-tambor-ilustracion-dibujos-animados-palos_123553-285-300x300.jpg 300w\" sizes=\"auto, (max-width: 155px) 100vw, 155px\" \/><\/a><\/p>\n","protected":false},"excerpt":{"rendered":"<p>&nbsp;<br \/>\n<a href=\"https:\/\/photos.app.goo.gl\/3yfAfPp9J5mktuo17\"><\/a>Si cliqueu a la poma i al timbal, que trobareu dins l&#8217;article, veureu les fotos i els v\u00eddeos del Taller de la fruita i la llet, del mat\u00ed, i del Taller de percussi\u00f3, de la tarda.<br \/>\nHan xalat de valent avui!! \ud83d\udc4f\ud83d\udc4f\ud83d\udc4f<a href=\"https:\/\/photos.app.goo.gl\/io58WRwQZDQ4HArm7\"><\/a><\/p>\n","protected":false},"author":1,"featured_media":4330,"comment_status":"open","ping_status":"closed","sticky":false,"template":"","format":"standard","meta":{"_bbp_topic_count":0,"_bbp_reply_count":0,"_bbp_total_topic_count":0,"_bbp_total_reply_count":0,"_bbp_voice_count":0,"_bbp_anonymous_reply_count":0,"_bbp_topic_count_hidden":0,"_bbp_reply_count_hidden":0,"_bbp_forum_subforum_count":0,"footnotes":""},"categories":[111,1,29],"tags":[],"class_list":["post-4322","post","type-post","status-publish","format-standard","has-post-thumbnail","hentry","category-escola-porcel-de-cervera","category-general","category-portada"],"post_mailing_queue_ids":[],"_links":{"self":[{"href":"https:\/\/agora.xtec.cat\/zer-pedrera\/wp-json\/wp\/v2\/posts\/4322","targetHints":{"allow":["GET"]}}],"collection":[{"href":"https:\/\/agora.xtec.cat\/zer-pedrera\/wp-json\/wp\/v2\/posts"}],"about":[{"href":"https:\/\/agora.xtec.cat\/zer-pedrera\/wp-json\/wp\/v2\/types\/post"}],"author":[{"embeddable":true,"href":"https:\/\/agora.xtec.cat\/zer-pedrera\/wp-json\/wp\/v2\/users\/1"}],"replies":[{"embeddable":true,"href":"https:\/\/agora.xtec.cat\/zer-pedrera\/wp-json\/wp\/v2\/comments?post=4322"}],"version-history":[{"count":3,"href":"https:\/\/agora.xtec.cat\/zer-pedrera\/wp-json\/wp\/v2\/posts\/4322\/revisions"}],"predecessor-version":[{"id":4333,"href":"https:\/\/agora.xtec.cat\/zer-pedrera\/wp-json\/wp\/v2\/posts\/4322\/revisions\/4333"}],"wp:featuredmedia":[{"embeddable":true,"href":"https:\/\/agora.xtec.cat\/zer-pedrera\/wp-json\/wp\/v2\/media\/4330"}],"wp:attachment":[{"href":"https:\/\/agora.xtec.cat\/zer-pedrera\/wp-json\/wp\/v2\/media?parent=4322"}],"wp:term":[{"taxonomy":"category","embeddable":true,"href":"https:\/\/agora.xtec.cat\/zer-pedrera\/wp-json\/wp\/v2\/categories?post=4322"},{"taxonomy":"post_tag","embeddable":true,"href":"https:\/\/agora.xtec.cat\/zer-pedrera\/wp-json\/wp\/v2\/tags?post=4322"}],"curies":[{"name":"wp","href":"https:\/\/api.w.org\/{rel}","templated":true}]}}