{"id":4285,"date":"2021-05-08T17:17:15","date_gmt":"2021-05-08T15:17:15","guid":{"rendered":"http:\/\/agora.xtec.cat\/zer-pedrera\/?p=4285"},"modified":"2021-05-08T22:05:13","modified_gmt":"2021-05-08T20:05:13","slug":"taller-audicio-de-percusio-porcel-de-cervera","status":"publish","type":"post","link":"https:\/\/agora.xtec.cat\/zer-pedrera\/general\/taller-audicio-de-percusio-porcel-de-cervera\/","title":{"rendered":"TALLER AUDICI\u00d3 DE PERCUSI\u00d3-ESCOLA PORCEL DE CERVERA"},"content":{"rendered":"<p>Des del grup de mestres de m\u00fasica de Les Garrigues s&#8217;ha organitzat un TALLER D&#8217;AUDICI\u00d3 DE PERCUSI\u00d3.<\/p>\n<p>Aquest curs, marcat per la covid, s&#8217;ha cregut oport\u00fa fer les audicions a les escoles.<\/p>\n<p>A la nostra escola tindr\u00e0 lloc el proper dijous, 13 de maig, a la tarda.<\/p>\n<p>En un proper article penjarem les fotos de la jornada.<\/p>\n<p><img loading=\"lazy\" decoding=\"async\" class=\"wp-image-4286 aligncenter\" src=\"https:\/\/agora.xtec.cat\/zer-pedrera\/wp-content\/uploads\/usu1473\/2021\/05\/TALLER-PERCUSSI\u00d3-1.png\" alt=\"\" width=\"296\" height=\"419\" srcset=\"https:\/\/agora.xtec.cat\/zer-pedrera\/wp-content\/uploads\/usu1473\/2021\/05\/TALLER-PERCUSSI\u00d3-1.png 1587w, https:\/\/agora.xtec.cat\/zer-pedrera\/wp-content\/uploads\/usu1473\/2021\/05\/TALLER-PERCUSSI\u00d3-1-212x300.png 212w, https:\/\/agora.xtec.cat\/zer-pedrera\/wp-content\/uploads\/usu1473\/2021\/05\/TALLER-PERCUSSI\u00d3-1-768x1086.png 768w, https:\/\/agora.xtec.cat\/zer-pedrera\/wp-content\/uploads\/usu1473\/2021\/05\/TALLER-PERCUSSI\u00d3-1-724x1024.png 724w\" sizes=\"auto, (max-width: 296px) 100vw, 296px\" \/><\/p>\n<p>&nbsp;<\/p>\n","protected":false},"excerpt":{"rendered":"<p>Des del grup de mestres de m\u00fasica de Les Garrigues s&#8217;ha organitzat un TALLER D&#8217;AUDICI\u00d3 DE PERCUSI\u00d3.<br \/>\nAquest curs, marcat per la covid, s&#8217;ha cregut oport\u00fa fer les audicions a les escoles.<br \/>\nA la nostra escola tindr\u00e0 lloc el proper dijous, 13 de maig, a la tarda.<br \/>\nEn&hellip;  <a href=\"https:\/\/agora.xtec.cat\/zer-pedrera\/general\/taller-audicio-de-percusio-porcel-de-cervera\/\" title=\"Read TALLER AUDICI\u00d3 DE PERCUSI\u00d3-ESCOLA PORCEL DE CERVERA\">Llegeix m\u00e9s\u00bb<\/a><\/p>\n","protected":false},"author":1,"featured_media":4286,"comment_status":"open","ping_status":"closed","sticky":false,"template":"","format":"standard","meta":{"_bbp_topic_count":0,"_bbp_reply_count":0,"_bbp_total_topic_count":0,"_bbp_total_reply_count":0,"_bbp_voice_count":0,"_bbp_anonymous_reply_count":0,"_bbp_topic_count_hidden":0,"_bbp_reply_count_hidden":0,"_bbp_forum_subforum_count":0,"footnotes":""},"categories":[111,1,29],"tags":[],"class_list":["post-4285","post","type-post","status-publish","format-standard","has-post-thumbnail","hentry","category-escola-porcel-de-cervera","category-general","category-portada"],"post_mailing_queue_ids":[],"_links":{"self":[{"href":"https:\/\/agora.xtec.cat\/zer-pedrera\/wp-json\/wp\/v2\/posts\/4285","targetHints":{"allow":["GET"]}}],"collection":[{"href":"https:\/\/agora.xtec.cat\/zer-pedrera\/wp-json\/wp\/v2\/posts"}],"about":[{"href":"https:\/\/agora.xtec.cat\/zer-pedrera\/wp-json\/wp\/v2\/types\/post"}],"author":[{"embeddable":true,"href":"https:\/\/agora.xtec.cat\/zer-pedrera\/wp-json\/wp\/v2\/users\/1"}],"replies":[{"embeddable":true,"href":"https:\/\/agora.xtec.cat\/zer-pedrera\/wp-json\/wp\/v2\/comments?post=4285"}],"version-history":[{"count":3,"href":"https:\/\/agora.xtec.cat\/zer-pedrera\/wp-json\/wp\/v2\/posts\/4285\/revisions"}],"predecessor-version":[{"id":4292,"href":"https:\/\/agora.xtec.cat\/zer-pedrera\/wp-json\/wp\/v2\/posts\/4285\/revisions\/4292"}],"wp:featuredmedia":[{"embeddable":true,"href":"https:\/\/agora.xtec.cat\/zer-pedrera\/wp-json\/wp\/v2\/media\/4286"}],"wp:attachment":[{"href":"https:\/\/agora.xtec.cat\/zer-pedrera\/wp-json\/wp\/v2\/media?parent=4285"}],"wp:term":[{"taxonomy":"category","embeddable":true,"href":"https:\/\/agora.xtec.cat\/zer-pedrera\/wp-json\/wp\/v2\/categories?post=4285"},{"taxonomy":"post_tag","embeddable":true,"href":"https:\/\/agora.xtec.cat\/zer-pedrera\/wp-json\/wp\/v2\/tags?post=4285"}],"curies":[{"name":"wp","href":"https:\/\/api.w.org\/{rel}","templated":true}]}}