{"id":4268,"date":"2021-05-07T18:51:02","date_gmt":"2021-05-07T16:51:02","guid":{"rendered":"http:\/\/agora.xtec.cat\/zer-pedrera\/?p=4268"},"modified":"2021-05-07T18:52:33","modified_gmt":"2021-05-07T16:52:33","slug":"lenigma-de-la-biblioteca-porcel-de-cervera","status":"publish","type":"post","link":"https:\/\/agora.xtec.cat\/zer-pedrera\/general\/lenigma-de-la-biblioteca-porcel-de-cervera\/","title":{"rendered":"L&#8217;ENIGMA DE LA BIBLIOTECA-PORCEL DE CERVERA"},"content":{"rendered":"<p>Avui l&#8217;enigma de l&#8217;hora de biblioteca l&#8217;ha encertat tothom!<\/p>\n<p>\u00c9s clar, ja tenim una mica de pr\u00e0ctica.<\/p>\n<p>Despr\u00e9s hem llegit en veu alta perqu\u00e8 sabem que \u00e9s molt important llegir una estona cada dia: ens aporta cultura, coneixem vocabulari nou i constru\u00efm la base de tots els aprenentatges. Ah, i ens fa persones m\u00e9s preparades per entendre el m\u00f3n!<\/p>\n<p>A m\u00e9s a m\u00e9s, podem triar els llibres&#8230; Aix\u00ed llegir \u00e9s divertit!<\/p>\n<p>Cliqueu a la imatge si voleu veure com pens\u00e0vem la soluci\u00f3.<\/p>\n<p><a href=\"https:\/\/photos.app.goo.gl\/Rcr6Ah9E3kGhoRUe8\"><img loading=\"lazy\" decoding=\"async\" class=\"aligncenter size-full wp-image-4270\" src=\"https:\/\/agora.xtec.cat\/zer-pedrera\/wp-content\/uploads\/usu1473\/2021\/05\/1-enigma-biblio-nom.jpg\" alt=\"\" width=\"640\" height=\"480\" srcset=\"https:\/\/agora.xtec.cat\/zer-pedrera\/wp-content\/uploads\/usu1473\/2021\/05\/1-enigma-biblio-nom.jpg 640w, https:\/\/agora.xtec.cat\/zer-pedrera\/wp-content\/uploads\/usu1473\/2021\/05\/1-enigma-biblio-nom-300x225.jpg 300w, https:\/\/agora.xtec.cat\/zer-pedrera\/wp-content\/uploads\/usu1473\/2021\/05\/1-enigma-biblio-nom-200x150.jpg 200w\" sizes=\"auto, (max-width: 640px) 100vw, 640px\" \/><\/a><\/p>\n","protected":false},"excerpt":{"rendered":"<p>Avui l&#8217;enigma de l&#8217;hora de biblioteca l&#8217;ha encertat tothom!<br \/>\n\u00c9s clar, ja tenim una mica de pr\u00e0ctica.<br \/>\nDespr\u00e9s hem llegit en veu alta perqu\u00e8 sabem que \u00e9s molt important llegir una estona cada dia: ens aporta cultura, coneixem vocabulari nou i constru\u00efm la base de tots els&hellip;  <a href=\"https:\/\/agora.xtec.cat\/zer-pedrera\/general\/lenigma-de-la-biblioteca-porcel-de-cervera\/\" title=\"Read L&#8217;ENIGMA DE LA BIBLIOTECA-PORCEL DE CERVERA\">Llegeix m\u00e9s\u00bb<\/a><\/p>\n","protected":false},"author":1,"featured_media":4270,"comment_status":"open","ping_status":"closed","sticky":false,"template":"","format":"standard","meta":{"_bbp_topic_count":0,"_bbp_reply_count":0,"_bbp_total_topic_count":0,"_bbp_total_reply_count":0,"_bbp_voice_count":0,"_bbp_anonymous_reply_count":0,"_bbp_topic_count_hidden":0,"_bbp_reply_count_hidden":0,"_bbp_forum_subforum_count":0,"footnotes":""},"categories":[125,111,1,29,89],"tags":[],"class_list":["post-4268","post","type-post","status-publish","format-standard","has-post-thumbnail","hentry","category-catala","category-escola-porcel-de-cervera","category-general","category-portada","category-primaria"],"post_mailing_queue_ids":[],"_links":{"self":[{"href":"https:\/\/agora.xtec.cat\/zer-pedrera\/wp-json\/wp\/v2\/posts\/4268","targetHints":{"allow":["GET"]}}],"collection":[{"href":"https:\/\/agora.xtec.cat\/zer-pedrera\/wp-json\/wp\/v2\/posts"}],"about":[{"href":"https:\/\/agora.xtec.cat\/zer-pedrera\/wp-json\/wp\/v2\/types\/post"}],"author":[{"embeddable":true,"href":"https:\/\/agora.xtec.cat\/zer-pedrera\/wp-json\/wp\/v2\/users\/1"}],"replies":[{"embeddable":true,"href":"https:\/\/agora.xtec.cat\/zer-pedrera\/wp-json\/wp\/v2\/comments?post=4268"}],"version-history":[{"count":4,"href":"https:\/\/agora.xtec.cat\/zer-pedrera\/wp-json\/wp\/v2\/posts\/4268\/revisions"}],"predecessor-version":[{"id":4274,"href":"https:\/\/agora.xtec.cat\/zer-pedrera\/wp-json\/wp\/v2\/posts\/4268\/revisions\/4274"}],"wp:featuredmedia":[{"embeddable":true,"href":"https:\/\/agora.xtec.cat\/zer-pedrera\/wp-json\/wp\/v2\/media\/4270"}],"wp:attachment":[{"href":"https:\/\/agora.xtec.cat\/zer-pedrera\/wp-json\/wp\/v2\/media?parent=4268"}],"wp:term":[{"taxonomy":"category","embeddable":true,"href":"https:\/\/agora.xtec.cat\/zer-pedrera\/wp-json\/wp\/v2\/categories?post=4268"},{"taxonomy":"post_tag","embeddable":true,"href":"https:\/\/agora.xtec.cat\/zer-pedrera\/wp-json\/wp\/v2\/tags?post=4268"}],"curies":[{"name":"wp","href":"https:\/\/api.w.org\/{rel}","templated":true}]}}