{"id":4243,"date":"2021-05-07T16:13:10","date_gmt":"2021-05-07T14:13:10","guid":{"rendered":"http:\/\/agora.xtec.cat\/zer-pedrera\/?p=4243"},"modified":"2021-05-07T16:13:10","modified_gmt":"2021-05-07T14:13:10","slug":"neixen-els-pollets-de-la-incubadora-escola-abat-ruera","status":"publish","type":"post","link":"https:\/\/agora.xtec.cat\/zer-pedrera\/general\/neixen-els-pollets-de-la-incubadora-escola-abat-ruera\/","title":{"rendered":"Neixen els pollets de la incubadora! Escola Abat Ruera."},"content":{"rendered":"<p>Passats 21 dies de la Jornada Mediambiental, naixen els pollets dels ous que v\u00e0rem posar a la incubadora. Totes les nenes i tots els nens estan emocionad\u00edssims i \u00e9s un anar i venir, passad\u00eds amunt i avall, incessantment&#8230; Emoci\u00f3, inter\u00e8s, il\u00b7lusi\u00f3, satisfacci\u00f3, incredulitat&#8230; Un xoc d&#8217;emocions i l&#8217;alegria d&#8217;haver pogut viure en directe el naixement dels pollets de l&#8217;escola Abat Ruera.<\/p>\n<p>Hi ha millor manera d&#8217;aprendre que l&#8217;experimentaci\u00f3 i l&#8217;observaci\u00f3?<\/p>\n<p><img loading=\"lazy\" decoding=\"async\" class=\"aligncenter size-full wp-image-4244\" src=\"https:\/\/agora.xtec.cat\/zer-pedrera\/wp-content\/uploads\/usu1473\/2021\/05\/WhatsApp-Image-2021-05-07-at-15.58.56.jpeg\" alt=\"\" width=\"745\" height=\"335\" srcset=\"https:\/\/agora.xtec.cat\/zer-pedrera\/wp-content\/uploads\/usu1473\/2021\/05\/WhatsApp-Image-2021-05-07-at-15.58.56.jpeg 745w, https:\/\/agora.xtec.cat\/zer-pedrera\/wp-content\/uploads\/usu1473\/2021\/05\/WhatsApp-Image-2021-05-07-at-15.58.56-300x135.jpeg 300w\" sizes=\"auto, (max-width: 745px) 100vw, 745px\" \/><\/p>\n","protected":false},"excerpt":{"rendered":"<p>Passats 21 dies de la Jornada Mediambiental, naixen els pollets dels ous que v\u00e0rem posar a la incubadora. Totes les nenes i tots els nens estan emocionad\u00edssims i \u00e9s un anar i venir, passad\u00eds amunt i avall, incessantment&#8230; Emoci\u00f3, inter\u00e8s, il\u00b7lusi\u00f3, satisfacci\u00f3, incredulitat&#8230; Un xoc&hellip;  <a href=\"https:\/\/agora.xtec.cat\/zer-pedrera\/general\/neixen-els-pollets-de-la-incubadora-escola-abat-ruera\/\" title=\"Read Neixen els pollets de la incubadora! Escola Abat Ruera.\">Llegeix m\u00e9s\u00bb<\/a><\/p>\n","protected":false},"author":1,"featured_media":4244,"comment_status":"open","ping_status":"closed","sticky":false,"template":"","format":"standard","meta":{"_bbp_topic_count":0,"_bbp_reply_count":0,"_bbp_total_topic_count":0,"_bbp_total_reply_count":0,"_bbp_voice_count":0,"_bbp_anonymous_reply_count":0,"_bbp_topic_count_hidden":0,"_bbp_reply_count_hidden":0,"_bbp_forum_subforum_count":0,"footnotes":""},"categories":[113,110,1,116,29,89],"tags":[],"class_list":["post-4243","post","type-post","status-publish","format-standard","has-post-thumbnail","hentry","category-e-infantil","category-escola-abat-ruera","category-general","category-medi","category-portada","category-primaria"],"post_mailing_queue_ids":[],"_links":{"self":[{"href":"https:\/\/agora.xtec.cat\/zer-pedrera\/wp-json\/wp\/v2\/posts\/4243","targetHints":{"allow":["GET"]}}],"collection":[{"href":"https:\/\/agora.xtec.cat\/zer-pedrera\/wp-json\/wp\/v2\/posts"}],"about":[{"href":"https:\/\/agora.xtec.cat\/zer-pedrera\/wp-json\/wp\/v2\/types\/post"}],"author":[{"embeddable":true,"href":"https:\/\/agora.xtec.cat\/zer-pedrera\/wp-json\/wp\/v2\/users\/1"}],"replies":[{"embeddable":true,"href":"https:\/\/agora.xtec.cat\/zer-pedrera\/wp-json\/wp\/v2\/comments?post=4243"}],"version-history":[{"count":1,"href":"https:\/\/agora.xtec.cat\/zer-pedrera\/wp-json\/wp\/v2\/posts\/4243\/revisions"}],"predecessor-version":[{"id":4245,"href":"https:\/\/agora.xtec.cat\/zer-pedrera\/wp-json\/wp\/v2\/posts\/4243\/revisions\/4245"}],"wp:featuredmedia":[{"embeddable":true,"href":"https:\/\/agora.xtec.cat\/zer-pedrera\/wp-json\/wp\/v2\/media\/4244"}],"wp:attachment":[{"href":"https:\/\/agora.xtec.cat\/zer-pedrera\/wp-json\/wp\/v2\/media?parent=4243"}],"wp:term":[{"taxonomy":"category","embeddable":true,"href":"https:\/\/agora.xtec.cat\/zer-pedrera\/wp-json\/wp\/v2\/categories?post=4243"},{"taxonomy":"post_tag","embeddable":true,"href":"https:\/\/agora.xtec.cat\/zer-pedrera\/wp-json\/wp\/v2\/tags?post=4243"}],"curies":[{"name":"wp","href":"https:\/\/api.w.org\/{rel}","templated":true}]}}