{"id":4233,"date":"2021-05-06T20:37:52","date_gmt":"2021-05-06T18:37:52","guid":{"rendered":"http:\/\/agora.xtec.cat\/zer-pedrera\/?p=4233"},"modified":"2021-05-06T20:37:52","modified_gmt":"2021-05-06T18:37:52","slug":"som-arqueolegs-cicle-mitja-i-superior-de-lescola-abat-ruera","status":"publish","type":"post","link":"https:\/\/agora.xtec.cat\/zer-pedrera\/general\/som-arqueolegs-cicle-mitja-i-superior-de-lescola-abat-ruera\/","title":{"rendered":"SOM ARQUE\u00d2LEGS!!! Cicle Mitj\u00e0 i Superior de l&#8217;escola Abat Ruera."},"content":{"rendered":"<p>Aquest curs hem fet d&#8217;enginyers, de cient\u00edfics, d&#8217;escriptors, d&#8217;investigadors i, fins i tot d&#8217;arque\u00f2legs!!!<\/p>\n<p>Els nens i nenes de Cicle Mitj\u00e0 i Cicle Superior de l&#8217;escola Abat Ruera estem immersos en un projecte d&#8217;hist\u00f2ria que ens dur\u00e0 des de l&#8217;Edat del Ferro i els ibers fins al descobriment d&#8217;Am\u00e8rica! Quina passada! I quantes coses han passat per les nostres contrades durant tots aquests anys!<\/p>\n<p>Hem conegut els ibers i divendres vinent visitarem la fortalesa dels Vilars d&#8217;Arbeca, ara estem viatjant per l&#8217;Imperi Rom\u00e0 per\u00f2 aviat arribaran els vikings que donaran pas a l&#8217;Edat Mitjana, despr\u00e9s ens visitaran els musulmans, veurem n\u00e9ixer Catalunya i fins i tot &#8220;farem les am\u00e8riques&#8221;!!!<\/p>\n<p>Avui, per\u00f2, hem fet una incursi\u00f3 al m\u00f3n de l&#8217;arqueologia, talment com si f\u00f3ssim professionals!<\/p>\n<p>Qu\u00e8 hem fet?<\/p>\n<ul>\n<li>hem trobat indicis de vestigis del passat,<\/li>\n<li>hem delimitat i acotat el jaciment,<\/li>\n<li>hem comen\u00e7at a excavar per estrats de 5 cm,<\/li>\n<li>hem utilitzat les eines pr\u00f2pies dels arque\u00f2legs,<\/li>\n<li>hem tingut la gran sort de fer valuoses troballes,<\/li>\n<li>hem pogut datar algunes de les troballes,<\/li>\n<li>fins i tot hem pogut utilitzar mitjans tecnol\u00f2gics de prospecci\u00f3 del terreny,<\/li>\n<\/ul>\n<p>entre moltes altres coses que tamb\u00e9 fan els arque\u00f2legs&#8230;<\/p>\n<p>Fant\u00e0stic!<\/p>\n<p><strong>Ho voleu veure? Feu clic sobre la foto!!!<\/strong><\/p>\n<p><a href=\"https:\/\/photos.app.goo.gl\/p4qNb6BLkFC3Rt3d6\" target=\"_blank\" rel=\"noopener noreferrer\"><img loading=\"lazy\" decoding=\"async\" class=\"aligncenter size-full wp-image-4234\" src=\"https:\/\/agora.xtec.cat\/zer-pedrera\/wp-content\/uploads\/usu1473\/2021\/05\/20210506_153813-min-1.jpg\" alt=\"\" width=\"745\" height=\"335\" srcset=\"https:\/\/agora.xtec.cat\/zer-pedrera\/wp-content\/uploads\/usu1473\/2021\/05\/20210506_153813-min-1.jpg 745w, https:\/\/agora.xtec.cat\/zer-pedrera\/wp-content\/uploads\/usu1473\/2021\/05\/20210506_153813-min-1-300x135.jpg 300w\" sizes=\"auto, (max-width: 745px) 100vw, 745px\" \/><\/a><\/p>\n","protected":false},"excerpt":{"rendered":"<p>Aquest curs hem fet d&#8217;enginyers, de cient\u00edfics, d&#8217;escriptors, d&#8217;investigadors i, fins i tot d&#8217;arque\u00f2legs!!!<br \/>\nEls nens i nenes de Cicle Mitj\u00e0 i Cicle Superior de l&#8217;escola Abat Ruera estem immersos en un projecte d&#8217;hist\u00f2ria que ens dur\u00e0 des de l&#8217;Edat del Ferro i els ibers fins&hellip;  <a href=\"https:\/\/agora.xtec.cat\/zer-pedrera\/general\/som-arqueolegs-cicle-mitja-i-superior-de-lescola-abat-ruera\/\" title=\"Read SOM ARQUE\u00d2LEGS!!! Cicle Mitj\u00e0 i Superior de l&#8217;escola Abat Ruera.\">Llegeix m\u00e9s\u00bb<\/a><\/p>\n","protected":false},"author":1,"featured_media":4234,"comment_status":"open","ping_status":"closed","sticky":false,"template":"","format":"standard","meta":{"_bbp_topic_count":0,"_bbp_reply_count":0,"_bbp_total_topic_count":0,"_bbp_total_reply_count":0,"_bbp_voice_count":0,"_bbp_anonymous_reply_count":0,"_bbp_topic_count_hidden":0,"_bbp_reply_count_hidden":0,"_bbp_forum_subforum_count":0,"footnotes":""},"categories":[110,1,116,29,89,120],"tags":[],"class_list":["post-4233","post","type-post","status-publish","format-standard","has-post-thumbnail","hentry","category-escola-abat-ruera","category-general","category-medi","category-portada","category-primaria","category-projectes"],"post_mailing_queue_ids":[],"_links":{"self":[{"href":"https:\/\/agora.xtec.cat\/zer-pedrera\/wp-json\/wp\/v2\/posts\/4233","targetHints":{"allow":["GET"]}}],"collection":[{"href":"https:\/\/agora.xtec.cat\/zer-pedrera\/wp-json\/wp\/v2\/posts"}],"about":[{"href":"https:\/\/agora.xtec.cat\/zer-pedrera\/wp-json\/wp\/v2\/types\/post"}],"author":[{"embeddable":true,"href":"https:\/\/agora.xtec.cat\/zer-pedrera\/wp-json\/wp\/v2\/users\/1"}],"replies":[{"embeddable":true,"href":"https:\/\/agora.xtec.cat\/zer-pedrera\/wp-json\/wp\/v2\/comments?post=4233"}],"version-history":[{"count":1,"href":"https:\/\/agora.xtec.cat\/zer-pedrera\/wp-json\/wp\/v2\/posts\/4233\/revisions"}],"predecessor-version":[{"id":4235,"href":"https:\/\/agora.xtec.cat\/zer-pedrera\/wp-json\/wp\/v2\/posts\/4233\/revisions\/4235"}],"wp:featuredmedia":[{"embeddable":true,"href":"https:\/\/agora.xtec.cat\/zer-pedrera\/wp-json\/wp\/v2\/media\/4234"}],"wp:attachment":[{"href":"https:\/\/agora.xtec.cat\/zer-pedrera\/wp-json\/wp\/v2\/media?parent=4233"}],"wp:term":[{"taxonomy":"category","embeddable":true,"href":"https:\/\/agora.xtec.cat\/zer-pedrera\/wp-json\/wp\/v2\/categories?post=4233"},{"taxonomy":"post_tag","embeddable":true,"href":"https:\/\/agora.xtec.cat\/zer-pedrera\/wp-json\/wp\/v2\/tags?post=4233"}],"curies":[{"name":"wp","href":"https:\/\/api.w.org\/{rel}","templated":true}]}}