{"id":4170,"date":"2021-04-23T17:17:30","date_gmt":"2021-04-23T15:17:30","guid":{"rendered":"http:\/\/agora.xtec.cat\/zer-pedrera\/?p=4170"},"modified":"2021-04-23T17:18:51","modified_gmt":"2021-04-23T15:18:51","slug":"sant-jordi-a-lescola-porcel-de-cervera","status":"publish","type":"post","link":"https:\/\/agora.xtec.cat\/zer-pedrera\/general\/sant-jordi-a-lescola-porcel-de-cervera\/","title":{"rendered":"SANT JORDI A L&#8217;ESCOLA PORCEL DE CERVERA"},"content":{"rendered":"<p>Avui hem celebrat la <strong><span style=\"color: #339966;\">Diada de Sant Jordi<\/span> <\/strong>a l\u2019escola amb activitats diverses:<\/p>\n<ul>\n<li>Hem fet de poetes i hem recitat poemes ben distrets.<\/li>\n<li>Amb imaginaci\u00f3 i creativitat una auca de St. Jordi original hem elaborat.<\/li>\n<\/ul>\n<p>A l\u2019hora de l\u2019esbarjo hem gaudit amb els jocs i despr\u00e9s a continuar:<\/p>\n<ul>\n<li>Al pati, al rac\u00f3 dels troncs, hem organitzat un espai de Bibliopati: hem recomanat llibres i hem fet <em>animaci\u00f3 a la lectura<\/em> amb una pila de llibres que hem anat a buscar a la biblioteca de Les Borges i de Bellpuig.<\/li>\n<li>Amb dedicaci\u00f3 i paci\u00e8ncia hem elaborant unes boniques roses.<\/li>\n<\/ul>\n<p>S\u2019ha fet l\u2019hora de dinar i d\u2019agafar forces per a la tarda molt b\u00e9 actuar amb:<\/p>\n<ul>\n<li>Un bonic recital de petits i petites rapsodes i<\/li>\n<li>L\u2019espectacle de titelles que tan b\u00e9 hem preparat.<\/li>\n<\/ul>\n<p><strong><span style=\"color: #339966;\">Ad\u00e9u Sant Jordi, fins l\u2019any que ve que m\u00e9s activitats podrem fer!<\/span><\/strong><\/p>\n<p>Si voleu veure les fotos de la diada cliqueu al drac:<\/p>\n<p><a href=\"https:\/\/photos.app.goo.gl\/VkdQev7pUxDFgpa67\"><img loading=\"lazy\" decoding=\"async\" class=\"wp-image-4172 aligncenter\" src=\"https:\/\/agora.xtec.cat\/zer-pedrera\/wp-content\/uploads\/usu1473\/2021\/04\/jordi2.jpg\" alt=\"\" width=\"174\" height=\"101\" srcset=\"https:\/\/agora.xtec.cat\/zer-pedrera\/wp-content\/uploads\/usu1473\/2021\/04\/jordi2.jpg 655w, https:\/\/agora.xtec.cat\/zer-pedrera\/wp-content\/uploads\/usu1473\/2021\/04\/jordi2-300x175.jpg 300w\" sizes=\"auto, (max-width: 174px) 100vw, 174px\" \/><\/a><\/p>\n<p>Si voleu llegir l&#8217;adaptaci\u00f3 de la llegenda de st.Jordi que hem representat us la deixem aqui:<\/p>\n<p><strong style=\"font-family: inherit; font-size: 1em;\">Narrador: <\/strong><span style=\"font-family: inherit; font-size: 1em;\">Hola. Us explicarem la llegenda de Sant Jordi, per\u00f2 aquesta vegada l\u2019heroi d\u2019aquesta hist\u00f2ria no \u00e9s el cavaller Sant Jordi sin\u00f3 la princesa. I el lloc on va passar, no es segons diu la tradici\u00f3 catalana, al voltant de la vila de Montblanc. Sin\u00f3 que la nostra hist\u00f2ria es situa al petit poble de les Garrigues, anomenat l\u2019Espluga Calba.<\/span><\/p>\n<p>Voleu con\u00e8ixer els personatges que hi surten ?<\/p>\n<p><strong>Drac: <\/strong>Jo s\u00f3c el drac que assolo els voltants de l\u2019Espluga Calba. S\u00f3c un monstre ferotge i terrible. Puc \u00a0caminar, volar i nedar, i tinc l&#8217;al\u00e8 tant pudent que des de les Borges Blanques se sent.<\/p>\n<p><strong>Princesa: <\/strong>Jo s\u00f3c la princesa Blancaflor. La m\u00e9s fota i lluitadora de tota la zona de les Garrigues.<\/p>\n<p><strong>Sant Jordi:<\/strong>\u00a0 S\u00f3c el cavaller Sant Jordi, s\u00f3c m\u00e9s aviat poruc i m\u2019agraden molt les roses.<\/p>\n<p><strong>Rei<\/strong>: Jo s\u00f3c el rei, el pare de la Blancaflor. Un rei just que s\u2019estima tota la gent del seu poble.<\/p>\n<p><strong>Pag\u00e8s<\/strong>: Jo s\u00f3c en Sebasti\u00e0. Un pag\u00e8s de de la vil\u00b7la que parla en nom de tot el poble. M\u00fasica.<\/p>\n<p><strong>Narrador<\/strong>: I voleu saber que va passar ? Doncs que molt a prop de la vil\u00b7la de l\u2019Espluga Calba va \u00a0\u00a0\u00a0\u00a0apar\u00e8ixer un drac ferotge de grans dimensions.<\/p>\n<p><strong>Drac<\/strong>: Aquest s\u00f3c jo !!!<\/p>\n<p><strong>Narrador<\/strong>: Era tan gran que no acabava mai la gana.<\/p>\n<p><strong>Drac<\/strong>: Tinc gana&#8230; Tinc gana !!!<\/p>\n<p><strong>Narrador<\/strong>:- Es menjava les ovelles de dos en dos i els cavalls de mig en mig.<\/p>\n<p><strong>Pag\u00e8s<\/strong>: Se\u2019ns han acabat les ovelles !!<\/p>\n<p><strong>Drac<\/strong>: Tinc m\u00e9s gana !!<\/p>\n<p><strong>Pag\u00e8s<\/strong>: Se\u2019ns han acabat els cavalls .<\/p>\n<p><strong>Drac<\/strong>: Tinc m\u00e9s gana !!<\/p>\n<p><strong>Pag\u00e8s<\/strong>: Se\u2019ns han acabat les vaques i el bous !!<\/p>\n<p><strong>Drac: <\/strong>Tinc m\u00e9s gana\u00a0 !!!<\/p>\n<p><strong>Pag\u00e8s<\/strong>: Nom\u00e9s ens queda la verdura !!!<\/p>\n<p><strong>Drac<\/strong>: No m\u2019agrada la verdura !!!<\/p>\n<p><strong>Narrador<\/strong>: Quan els animals es van acabar el drac es volia menjar la gent del poble.<\/p>\n<p><strong>Rei<\/strong>: Estimat poble de l\u2019Espluga!! Se\u2019ns han acabat els animals i el drac es vol menjar tota la gent del poble.<\/p>\n<p><strong>Princesa<\/strong>: Ai pobres de nosaltres !!!<\/p>\n<p><strong>Rei <\/strong>: Hem pensat que\u00a0 podr\u00edem donar una persona per dia per matar la gana del drac.<\/p>\n<p><strong>Pag\u00e8s<\/strong>: El problema \u00e9s que no hi ha cap voluntari. Oi que no, poble de l\u2019Espluga?<\/p>\n<p><strong>Poble<\/strong>: Noooooooo&#8230;.<\/p>\n<p><strong>Narrador:<\/strong> I de la gent del p\u00fablic.\u00a0 Hi ha algun voluntari per anar d\u2019excursi\u00f3 a la panxa del drac ?<\/p>\n<p><strong>Rei<\/strong>: I doncs qu\u00e8 podem fer ?<\/p>\n<p><strong>Drac: <\/strong>Jo tinc gana !!!<\/p>\n<p><strong>Rei<\/strong>: I si f\u00e9ssim un sorteig. Aquell que surti elegit haur\u00e0 de sacrificar-se pels altres.<\/p>\n<p><strong>Pag\u00e8s<\/strong>: No \u00e9s mala idea. Que us sembla gent del poble ??<\/p>\n<p><strong>Poble<\/strong>: B\u00e9&#8230;..<\/p>\n<p><strong>Narrador<\/strong>: I a la gent del p\u00fablic, qu\u00e8 us sembla ?<\/p>\n<p><strong>Narrador<\/strong>: I aix\u00ed ho van fer. Cada dia abans de sopar es feia el sorteig i la persona desafortunada sortia del poble per anar a cercar el drac.<\/p>\n<p><strong>Drac<\/strong>: Qu\u00e8 voleu que me\u2019l mengi ?<\/p>\n<p><strong>Condemnat: <\/strong>Ahhhh&#8230;..<\/p>\n<p><strong>Drac:<\/strong>I aquest, qu\u00e8 voleu que me\u2019l mengi ??<\/p>\n<p><strong>Condemnat<\/strong>: Ahhh&#8230;.<\/p>\n<p><strong>Narrador<\/strong>: I aix\u00ed anaven passant els dies.\u00a0 Tot semblava anar b\u00e9 perqu\u00e8 el drac no feia malifetes fins que va passar un fet que va trasbalsar la hist\u00f2ria.<\/p>\n<p><strong>Rei<\/strong>: Estimat poble de l\u2019Espluga Calba. Avui al sorteig li ha tocat a la meva filla, la princesa Blancaflor<\/p>\n<p><strong>Princesa<\/strong>: Pare jo no vull morir !!<\/p>\n<p><strong>Pag\u00e8s<\/strong>.: Si voleu majestat m\u2019ofereixo voluntari per donar sopar al drac en lloc de la princesa. A tots ens dol donar una jove, gentil i gallarda com la vostra filla a la b\u00e8stia pudent.<\/p>\n<p><strong>Rei.<\/strong>: De cap manera. S\u00f3c un rei just i tothom \u00e9s igual davant la llei.<\/p>\n<p><strong>Princesa<\/strong>: Est\u00e0 b\u00e9, pare. Aquesta nit el drac menjar\u00e0 la princesa.<\/p>\n<p><strong>Narrador<\/strong>: Al vespre tothom va sortir a dir ad\u00e9u a la princesa.<\/p>\n<p><strong>Poble<\/strong>: Ad\u00e9u princesa Blancaflor !!!<\/p>\n<p><strong>Narrador: <\/strong>Per\u00f2 vet aqu\u00ed que mentre la Blancaflor caminava cap al drac -que ja comen\u00e7ava a ensalivar pensant en el sopar- va apar\u00e8ixer un cavaller dalt d\u2019un cavall portant una llan\u00e7a molt llarga i punxeguda, que no havia fet servir mai.<\/p>\n<p><strong>Princesa: <\/strong>Qui sou, bon senyor?<\/p>\n<p><strong>Sant Jordi<\/strong>: S\u00f3c el cavaller Sant Jordi que he vingut per matar el drac i alliberar el poble.<\/p>\n<p><strong>Princesa<\/strong>: On aneu, desgraciat, que no veieu que el drac se us menjar\u00e0 de viu en viu !! Jo s\u00f3c forta i sabre sortir-me d\u2019aquest problema. Anir\u00e9 jo a veure al drac.<\/p>\n<p><strong>Sant Jordi<\/strong>: Potser tens una mica de ra\u00f3 per\u00f2 aix\u00f2 \u00e9s el que sempre s\u2019ha dit en aquesta hist\u00f2ria.<\/p>\n<p><strong>Princesa<\/strong>: Me\u2019n vaig a veure al drac.<\/p>\n<p><strong>Narrador<\/strong>: La fera va presentar-se, amb gran horror davant de la donzella. Ella sense tenir-li por va comen\u00e7ar a parlar-li.<\/p>\n<p><strong>Princesa<\/strong>: Drac estigu\u00e9s tranquil, he vingut a explicar-te la import\u00e0ncia de menjar verdures.<\/p>\n<p><strong>Narrador:<\/strong> La princesa es va passar molta estona explicant-li receptes fetes amb verdures. I al drac se li anava fent la boca aigua. Al final va decidir que enlloc de menjar carn, es decantaria per menjar verdura.<\/p>\n<p><strong>Drac: <\/strong>Ui quina bona pinta fa tot aix\u00f2 que m\u2019est\u00e0s explicant. Ara mateix, me\u2019n vaig a cal Miquel a comprar un cistell ple de verdures per preparar-me aquests plats tan deliciosos.<\/p>\n<p><strong>Narrador<\/strong>: D\u2019aquesta manera va ser com el drac va\u00a0 marxar i va deixar tranquils als habitants del poble de l\u2019Espluga.<\/p>\n<p><strong>Narrador<\/strong>: La princesa va anar a trobar el sant Jordi i li va explicar que havia conven\u00e7ut al drac per canviar la carn per les verdures.<\/p>\n<p><strong>Sant Jordi<\/strong>: Que valenta has sigut princesa!<\/p>\n<p><strong>Princesa<\/strong>: Que et sembla si per recordar aquest dia tan especial proposem a la gent del poble que planti un roser a casa seva?<\/p>\n<p><strong>Narrador<\/strong>: Des d\u2019aquell dia per la diada de sant Jordi es regalen roses.<\/p>\n<p><strong>Narrador<\/strong>: \u00a0La gent del poble agra\u00efda va escriure aquesta hist\u00f2ria per tal que mai s\u2019oblid\u00e9s la valentia de la princesa que va conv\u00e8ncer el drac i va salvar el poble de l\u2019Espluga Calba.<\/p>\n<p>I conte contat ja est\u00e0 acabat.<\/p>\n<p>I si us heu divertit&#8230; tots junts podeu aplaudir.<\/p>\n","protected":false},"excerpt":{"rendered":"<p>Avui hem celebrat la Diada de Sant Jordi a l\u2019escola amb activitats diverses:<\/p>\n<ul>\n<li>Hem fet de poetes i hem recitat poemes ben distrets.<\/li>\n<li>Amb imaginaci\u00f3 i creativitat una auca de St. Jordi original hem elaborat.<\/li>\n<\/ul>\n<p>A l\u2019hora de l\u2019esbarjo hem gaudit amb els jocs i despr\u00e9s a continuar:<\/p>\n<ul>\n<li>Al&hellip;  <a href=\"https:\/\/agora.xtec.cat\/zer-pedrera\/general\/sant-jordi-a-lescola-porcel-de-cervera\/\" title=\"Read SANT JORDI A L&#8217;ESCOLA PORCEL DE CERVERA\">Llegeix m\u00e9s\u00bb<\/a><br \/>\n","protected":false},"author":1,"featured_media":4171,"comment_status":"open","ping_status":"closed","sticky":false,"template":"","format":"standard","meta":{"_bbp_topic_count":0,"_bbp_reply_count":0,"_bbp_total_topic_count":0,"_bbp_total_reply_count":0,"_bbp_voice_count":0,"_bbp_anonymous_reply_count":0,"_bbp_topic_count_hidden":0,"_bbp_reply_count_hidden":0,"_bbp_forum_subforum_count":0,"footnotes":""},"categories":[113,111,1,29,89],"tags":[],"class_list":["post-4170","post","type-post","status-publish","format-standard","has-post-thumbnail","hentry","category-e-infantil","category-escola-porcel-de-cervera","category-general","category-portada","category-primaria"],"post_mailing_queue_ids":[],"_links":{"self":[{"href":"https:\/\/agora.xtec.cat\/zer-pedrera\/wp-json\/wp\/v2\/posts\/4170","targetHints":{"allow":["GET"]}}],"collection":[{"href":"https:\/\/agora.xtec.cat\/zer-pedrera\/wp-json\/wp\/v2\/posts"}],"about":[{"href":"https:\/\/agora.xtec.cat\/zer-pedrera\/wp-json\/wp\/v2\/types\/post"}],"author":[{"embeddable":true,"href":"https:\/\/agora.xtec.cat\/zer-pedrera\/wp-json\/wp\/v2\/users\/1"}],"replies":[{"embeddable":true,"href":"https:\/\/agora.xtec.cat\/zer-pedrera\/wp-json\/wp\/v2\/comments?post=4170"}],"version-history":[{"count":2,"href":"https:\/\/agora.xtec.cat\/zer-pedrera\/wp-json\/wp\/v2\/posts\/4170\/revisions"}],"predecessor-version":[{"id":4174,"href":"https:\/\/agora.xtec.cat\/zer-pedrera\/wp-json\/wp\/v2\/posts\/4170\/revisions\/4174"}],"wp:featuredmedia":[{"embeddable":true,"href":"https:\/\/agora.xtec.cat\/zer-pedrera\/wp-json\/wp\/v2\/media\/4171"}],"wp:attachment":[{"href":"https:\/\/agora.xtec.cat\/zer-pedrera\/wp-json\/wp\/v2\/media?parent=4170"}],"wp:term":[{"taxonomy":"category","embeddable":true,"href":"https:\/\/agora.xtec.cat\/zer-pedrera\/wp-json\/wp\/v2\/categories?post=4170"},{"taxonomy":"post_tag","embeddable":true,"href":"https:\/\/agora.xtec.cat\/zer-pedrera\/wp-json\/wp\/v2\/tags?post=4170"}],"curies":[{"name":"wp","href":"https:\/\/api.w.org\/{rel}","templated":true}]}}