{"id":4167,"date":"2021-04-26T10:19:40","date_gmt":"2021-04-26T08:19:40","guid":{"rendered":"http:\/\/agora.xtec.cat\/zer-pedrera\/?p=4167"},"modified":"2021-04-26T16:22:12","modified_gmt":"2021-04-26T14:22:12","slug":"sant-jordi-a-lescola-abat-ruera","status":"publish","type":"post","link":"https:\/\/agora.xtec.cat\/zer-pedrera\/general\/sant-jordi-a-lescola-abat-ruera\/","title":{"rendered":"Sant Jordi a l&#8217;escola Abat Ruera. Fotos i v\u00eddeos!"},"content":{"rendered":"<p>Benvolguda comunitat educativa,<\/p>\n<p>En aquest article podreu consultar el v\u00eddeo del recital de poesia i la lectura de la llegenda de Sant Jordi amb els quals van delectar-nos els alumnes de Cicle Mitj\u00e0 i Cicle Superior de l&#8217;escola Abat Ruera.<\/p>\n<p>A m\u00e9s, tindreu acc\u00e9s a dos \u00e0lbums de fotos, un que recull les fotos dels preparatius i del rodatge de la superproducci\u00f3 amb adn Abat Ruera &#8220;Una altra llegenda de Sant Jordi&#8221; i l&#8217;altre que mostra imatges dels tallers realitzats durant la tarda de la diada.<\/p>\n<p>Esperem que en gaudiu tant con nosaltres ho vam fer:<\/p>\n<p><strong>ENLLA\u00c7 AL V\u00cdDEO DEL RECITAL, CLICANT<a href=\"https:\/\/youtu.be\/P8VlL0Y6Llk\" target=\"_blank\" rel=\"noopener noreferrer\"> AQU\u00cd<\/a><\/strong><\/p>\n<p><strong>ENLLA\u00c7 A L&#8217;\u00c0LBUM DELS PREPARATIUS I RODATGE DE &#8220;UNA ALTRA LLEGENDA DE SANT JORDI&#8221;, CLICANT <a href=\"https:\/\/photos.app.goo.gl\/GF9pQnwCCK7f8EQh7\" target=\"_blank\" rel=\"noopener noreferrer\">AQU\u00cd<\/a><\/strong><\/p>\n<p><strong>ENLLA\u00c7 A L&#8217;\u00c0LBUM DELS TALLERS, CLICANT <a href=\"https:\/\/photos.app.goo.gl\/ZVxYj1eJd3DF4sAu6\" target=\"_blank\" rel=\"noopener noreferrer\">AQU\u00cd<\/a><\/strong><\/p>\n<p>Per cert, properament es far\u00e0 l&#8217;estrena de la superproducci\u00f3 enregistrada durant la diada; els alumnes de Cicle Superior estan treballant en la seva edici\u00f3. Haurem d&#8217;esperar una mica per\u00f2 ben aviat en gaudirem!!!<\/p>\n<p><img loading=\"lazy\" decoding=\"async\" class=\"aligncenter size-full wp-image-4168\" src=\"https:\/\/agora.xtec.cat\/zer-pedrera\/wp-content\/uploads\/usu1473\/2021\/04\/Sant-Jordi-2021.jpg\" alt=\"\" width=\"1223\" height=\"842\" srcset=\"https:\/\/agora.xtec.cat\/zer-pedrera\/wp-content\/uploads\/usu1473\/2021\/04\/Sant-Jordi-2021.jpg 1223w, https:\/\/agora.xtec.cat\/zer-pedrera\/wp-content\/uploads\/usu1473\/2021\/04\/Sant-Jordi-2021-300x207.jpg 300w, https:\/\/agora.xtec.cat\/zer-pedrera\/wp-content\/uploads\/usu1473\/2021\/04\/Sant-Jordi-2021-768x529.jpg 768w, https:\/\/agora.xtec.cat\/zer-pedrera\/wp-content\/uploads\/usu1473\/2021\/04\/Sant-Jordi-2021-1024x705.jpg 1024w\" sizes=\"auto, (max-width: 1223px) 100vw, 1223px\" \/><\/p>\n","protected":false},"excerpt":{"rendered":"<p>Benvolguda comunitat educativa,<br \/>\nEn aquest article podreu consultar el v\u00eddeo del recital de poesia i la lectura de la llegenda de Sant Jordi amb els quals van delectar-nos els alumnes de Cicle Mitj\u00e0 i Cicle Superior de l&#8217;escola Abat Ruera.<br \/>\nA m\u00e9s, tindreu acc\u00e9s a dos \u00e0lbums&hellip;  <a href=\"https:\/\/agora.xtec.cat\/zer-pedrera\/general\/sant-jordi-a-lescola-abat-ruera\/\" title=\"Read Sant Jordi a l&#8217;escola Abat Ruera. Fotos i v\u00eddeos!\">Llegeix m\u00e9s\u00bb<\/a><\/p>\n","protected":false},"author":1,"featured_media":4168,"comment_status":"open","ping_status":"closed","sticky":false,"template":"","format":"standard","meta":{"_bbp_topic_count":0,"_bbp_reply_count":0,"_bbp_total_topic_count":0,"_bbp_total_reply_count":0,"_bbp_voice_count":0,"_bbp_anonymous_reply_count":0,"_bbp_topic_count_hidden":0,"_bbp_reply_count_hidden":0,"_bbp_forum_subforum_count":0,"footnotes":""},"categories":[113,110,1,29,89],"tags":[],"class_list":["post-4167","post","type-post","status-publish","format-standard","has-post-thumbnail","hentry","category-e-infantil","category-escola-abat-ruera","category-general","category-portada","category-primaria"],"post_mailing_queue_ids":[],"_links":{"self":[{"href":"https:\/\/agora.xtec.cat\/zer-pedrera\/wp-json\/wp\/v2\/posts\/4167","targetHints":{"allow":["GET"]}}],"collection":[{"href":"https:\/\/agora.xtec.cat\/zer-pedrera\/wp-json\/wp\/v2\/posts"}],"about":[{"href":"https:\/\/agora.xtec.cat\/zer-pedrera\/wp-json\/wp\/v2\/types\/post"}],"author":[{"embeddable":true,"href":"https:\/\/agora.xtec.cat\/zer-pedrera\/wp-json\/wp\/v2\/users\/1"}],"replies":[{"embeddable":true,"href":"https:\/\/agora.xtec.cat\/zer-pedrera\/wp-json\/wp\/v2\/comments?post=4167"}],"version-history":[{"count":3,"href":"https:\/\/agora.xtec.cat\/zer-pedrera\/wp-json\/wp\/v2\/posts\/4167\/revisions"}],"predecessor-version":[{"id":4193,"href":"https:\/\/agora.xtec.cat\/zer-pedrera\/wp-json\/wp\/v2\/posts\/4167\/revisions\/4193"}],"wp:featuredmedia":[{"embeddable":true,"href":"https:\/\/agora.xtec.cat\/zer-pedrera\/wp-json\/wp\/v2\/media\/4168"}],"wp:attachment":[{"href":"https:\/\/agora.xtec.cat\/zer-pedrera\/wp-json\/wp\/v2\/media?parent=4167"}],"wp:term":[{"taxonomy":"category","embeddable":true,"href":"https:\/\/agora.xtec.cat\/zer-pedrera\/wp-json\/wp\/v2\/categories?post=4167"},{"taxonomy":"post_tag","embeddable":true,"href":"https:\/\/agora.xtec.cat\/zer-pedrera\/wp-json\/wp\/v2\/tags?post=4167"}],"curies":[{"name":"wp","href":"https:\/\/api.w.org\/{rel}","templated":true}]}}