{"id":4150,"date":"2021-04-21T18:15:53","date_gmt":"2021-04-21T16:15:53","guid":{"rendered":"http:\/\/agora.xtec.cat\/zer-pedrera\/?p=4150"},"modified":"2021-12-16T20:22:48","modified_gmt":"2021-12-16T19:22:48","slug":"ed-primaria-de-lescola-abat-ruera-dia-internacional-de-lart","status":"publish","type":"post","link":"https:\/\/agora.xtec.cat\/zer-pedrera\/general\/ed-primaria-de-lescola-abat-ruera-dia-internacional-de-lart\/","title":{"rendered":"Ed.Prim\u00e0ria de l&#8217;escola Abat Ruera. Dia Internacional de l&#8217;Art"},"content":{"rendered":"<p>El dia 15 d&#8217;abril va ser el Dia Internacional de l&#8217;Art.\u00a0\u00a0La data s&#8217;ha elegit en honor del dia del naixement de Leonardo da Vinci<a>,<\/a>\u00a0s\u00edmbol mundial de llibertat d&#8217;expressi\u00f3, toler\u00e0ncia, fraternitat i multiculturalisme, aix\u00ed com representant de l&#8217;art.<\/p>\n<p>Per celebrar aquest dia, els alumnes d&#8217;Educaci\u00f3 Prim\u00e0ria de l&#8217;escola Abat Ruera hem executat diferents activitats. Els alumnes de primer, segon i tercer de prim\u00e0ria han treballat l&#8217;escultura. I els alumnes de quart, cinqu\u00e8 i sis\u00e8 el collage.<\/p>\n<div>Per veure m\u00e9s fotografies clicar damunt de les imatges.<\/div>\n<div><\/div>\n<div><\/div>\n<div><\/div>\n<div><\/div>\n<div><\/div>\n<div><a href=\"https:\/\/photos.app.goo.gl\/RWNSDwydog8brews6\" target=\"_blank\" rel=\"noopener\"><img loading=\"lazy\" decoding=\"async\" class=\"aligncenter size-full wp-image-4152\" src=\"https:\/\/agora.xtec.cat\/zer-pedrera\/wp-content\/uploads\/usu1473\/2021\/04\/estatua-mini.jpeg\" alt=\"\" width=\"556\" height=\"448\" srcset=\"https:\/\/agora.xtec.cat\/zer-pedrera\/wp-content\/uploads\/usu1473\/2021\/04\/estatua-mini.jpeg 556w, https:\/\/agora.xtec.cat\/zer-pedrera\/wp-content\/uploads\/usu1473\/2021\/04\/estatua-mini-300x242.jpeg 300w\" sizes=\"auto, (max-width: 556px) 100vw, 556px\" \/><\/a><\/div>\n<div><\/div>\n<div><\/div>\n<div><\/div>\n<div><\/div>\n<div><\/div>\n<div><a href=\"https:\/\/photos.app.goo.gl\/WN8otFc32fJTaUvj8\" target=\"_blank\" rel=\"noopener\"><img loading=\"lazy\" decoding=\"async\" class=\"aligncenter size-full wp-image-4154\" src=\"https:\/\/agora.xtec.cat\/zer-pedrera\/wp-content\/uploads\/usu1473\/2021\/04\/mini-collage-1.jpeg\" alt=\"\" width=\"666\" height=\"375\" srcset=\"https:\/\/agora.xtec.cat\/zer-pedrera\/wp-content\/uploads\/usu1473\/2021\/04\/mini-collage-1.jpeg 666w, https:\/\/agora.xtec.cat\/zer-pedrera\/wp-content\/uploads\/usu1473\/2021\/04\/mini-collage-1-300x169.jpeg 300w\" sizes=\"auto, (max-width: 666px) 100vw, 666px\" \/><\/a><\/div>\n","protected":false},"excerpt":{"rendered":"<p>El dia 15 d&#8217;abril va ser el Dia Internacional de l&#8217;Art.\u00a0\u00a0La data s&#8217;ha elegit en honor del dia del naixement de Leonardo da Vinci<a>,<\/a>\u00a0s\u00edmbol mundial de llibertat d&#8217;expressi\u00f3, toler\u00e0ncia, fraternitat i multiculturalisme, aix\u00ed com representant de l&#8217;art.<br \/>\nPer celebrar aquest dia, els alumnes d&#8217;Educaci\u00f3 Prim\u00e0ria de&hellip;  <a href=\"https:\/\/agora.xtec.cat\/zer-pedrera\/general\/ed-primaria-de-lescola-abat-ruera-dia-internacional-de-lart\/\" title=\"Read Ed.Prim\u00e0ria de l&#8217;escola Abat Ruera. Dia Internacional de l&#8217;Art\">Llegeix m\u00e9s\u00bb<\/a><\/p>\n","protected":false},"author":1,"featured_media":4152,"comment_status":"open","ping_status":"closed","sticky":false,"template":"","format":"standard","meta":{"_bbp_topic_count":0,"_bbp_reply_count":0,"_bbp_total_topic_count":0,"_bbp_total_reply_count":0,"_bbp_voice_count":0,"_bbp_anonymous_reply_count":0,"_bbp_topic_count_hidden":0,"_bbp_reply_count_hidden":0,"_bbp_forum_subforum_count":0,"footnotes":""},"categories":[110,1,29,89],"tags":[],"class_list":["post-4150","post","type-post","status-publish","format-standard","has-post-thumbnail","hentry","category-escola-abat-ruera","category-general","category-portada","category-primaria"],"post_mailing_queue_ids":[],"_links":{"self":[{"href":"https:\/\/agora.xtec.cat\/zer-pedrera\/wp-json\/wp\/v2\/posts\/4150","targetHints":{"allow":["GET"]}}],"collection":[{"href":"https:\/\/agora.xtec.cat\/zer-pedrera\/wp-json\/wp\/v2\/posts"}],"about":[{"href":"https:\/\/agora.xtec.cat\/zer-pedrera\/wp-json\/wp\/v2\/types\/post"}],"author":[{"embeddable":true,"href":"https:\/\/agora.xtec.cat\/zer-pedrera\/wp-json\/wp\/v2\/users\/1"}],"replies":[{"embeddable":true,"href":"https:\/\/agora.xtec.cat\/zer-pedrera\/wp-json\/wp\/v2\/comments?post=4150"}],"version-history":[{"count":4,"href":"https:\/\/agora.xtec.cat\/zer-pedrera\/wp-json\/wp\/v2\/posts\/4150\/revisions"}],"predecessor-version":[{"id":5097,"href":"https:\/\/agora.xtec.cat\/zer-pedrera\/wp-json\/wp\/v2\/posts\/4150\/revisions\/5097"}],"wp:featuredmedia":[{"embeddable":true,"href":"https:\/\/agora.xtec.cat\/zer-pedrera\/wp-json\/wp\/v2\/media\/4152"}],"wp:attachment":[{"href":"https:\/\/agora.xtec.cat\/zer-pedrera\/wp-json\/wp\/v2\/media?parent=4150"}],"wp:term":[{"taxonomy":"category","embeddable":true,"href":"https:\/\/agora.xtec.cat\/zer-pedrera\/wp-json\/wp\/v2\/categories?post=4150"},{"taxonomy":"post_tag","embeddable":true,"href":"https:\/\/agora.xtec.cat\/zer-pedrera\/wp-json\/wp\/v2\/tags?post=4150"}],"curies":[{"name":"wp","href":"https:\/\/api.w.org\/{rel}","templated":true}]}}