{"id":4145,"date":"2021-04-21T22:57:52","date_gmt":"2021-04-21T20:57:52","guid":{"rendered":"http:\/\/agora.xtec.cat\/zer-pedrera\/?p=4145"},"modified":"2021-04-21T23:00:09","modified_gmt":"2021-04-21T21:00:09","slug":"collaborem-amb-lassociacio-talma","status":"publish","type":"post","link":"https:\/\/agora.xtec.cat\/zer-pedrera\/general\/collaborem-amb-lassociacio-talma\/","title":{"rendered":"Col\u00b7laborem amb l&#8217;Associaci\u00f3 Talma. Escola Porcel de Cervera."},"content":{"rendered":"<p>El passat divendres, coincidint amb la jornada mediambiental de l&#8217;escola, que enguany hem dedicat en part a l&#8217;hort escolar, l&#8217;Associaci\u00f3 Talma ens va fer arribar uns kits per sembrar i cuidar un planter de: caputxines, s\u00e0lvia, &#8230; Els petits de l&#8217;escola, el dia de la jornada, vam estar molt atrafegats i per aquesta ra\u00f3, vam decidir realitzar aquesta activitat un altre dia amb m\u00e9s tranquil\u00b7litat. Ahir al mat\u00ed ens hi vam posar; primer de tot, la J\u00falia i la Maria ens van llegir les instruccions que calia seguir per a realitzar la sembra de les llavors de manera adequada. Un cop llegides, d&#8217;un en un, vam anar posant substrat als alv\u00e8ols, hi introdu\u00edem les llavors i finalment nom\u00e9s ens calia acabar d&#8217;omplir-los. Ja per acabar, els vam regar tal i com ens recomanaven a les instruccions.<\/p>\n<p>Ara, nom\u00e9s cal tenir-ne cura i esperar a que les llavors germinin i\u00a0 que un cop creixi la planta pugui ser trasplantada.<\/p>\n<p>Una bona idea de la qual ens va informar una de les fam\u00edlies. Moltes gr\u00e0cies!!!!<\/p>\n<p><img loading=\"lazy\" decoding=\"async\" class=\"aligncenter size-full wp-image-4159\" src=\"https:\/\/agora.xtec.cat\/zer-pedrera\/wp-content\/uploads\/usu1473\/2021\/04\/88345998_574817560042819_7419072871558807552_n.jpg\" alt=\"\" width=\"150\" height=\"150\" \/><\/p>\n<p>Podeu veure les imatges de l&#8217;activitat clicant <a href=\"https:\/\/photos.app.goo.gl\/kFL2SSTACZozEeG5A\">AQU\u00ed.<\/a><\/p>\n","protected":false},"excerpt":{"rendered":"<p>El passat divendres, coincidint amb la jornada mediambiental de l&#8217;escola, que enguany hem dedicat en part a l&#8217;hort escolar, l&#8217;Associaci\u00f3 Talma ens va fer arribar uns kits per sembrar i cuidar un planter de: caputxines, s\u00e0lvia, &#8230; Els petits de l&#8217;escola, el dia de la&hellip;  <a href=\"https:\/\/agora.xtec.cat\/zer-pedrera\/general\/collaborem-amb-lassociacio-talma\/\" title=\"Read Col\u00b7laborem amb l&#8217;Associaci\u00f3 Talma. Escola Porcel de Cervera.\">Llegeix m\u00e9s\u00bb<\/a><\/p>\n","protected":false},"author":1,"featured_media":4159,"comment_status":"open","ping_status":"closed","sticky":false,"template":"","format":"standard","meta":{"_bbp_topic_count":0,"_bbp_reply_count":0,"_bbp_total_topic_count":0,"_bbp_total_reply_count":0,"_bbp_voice_count":0,"_bbp_anonymous_reply_count":0,"_bbp_topic_count_hidden":0,"_bbp_reply_count_hidden":0,"_bbp_forum_subforum_count":0,"footnotes":""},"categories":[111,1,29],"tags":[],"class_list":["post-4145","post","type-post","status-publish","format-standard","has-post-thumbnail","hentry","category-escola-porcel-de-cervera","category-general","category-portada"],"post_mailing_queue_ids":[],"_links":{"self":[{"href":"https:\/\/agora.xtec.cat\/zer-pedrera\/wp-json\/wp\/v2\/posts\/4145","targetHints":{"allow":["GET"]}}],"collection":[{"href":"https:\/\/agora.xtec.cat\/zer-pedrera\/wp-json\/wp\/v2\/posts"}],"about":[{"href":"https:\/\/agora.xtec.cat\/zer-pedrera\/wp-json\/wp\/v2\/types\/post"}],"author":[{"embeddable":true,"href":"https:\/\/agora.xtec.cat\/zer-pedrera\/wp-json\/wp\/v2\/users\/1"}],"replies":[{"embeddable":true,"href":"https:\/\/agora.xtec.cat\/zer-pedrera\/wp-json\/wp\/v2\/comments?post=4145"}],"version-history":[{"count":3,"href":"https:\/\/agora.xtec.cat\/zer-pedrera\/wp-json\/wp\/v2\/posts\/4145\/revisions"}],"predecessor-version":[{"id":4163,"href":"https:\/\/agora.xtec.cat\/zer-pedrera\/wp-json\/wp\/v2\/posts\/4145\/revisions\/4163"}],"wp:featuredmedia":[{"embeddable":true,"href":"https:\/\/agora.xtec.cat\/zer-pedrera\/wp-json\/wp\/v2\/media\/4159"}],"wp:attachment":[{"href":"https:\/\/agora.xtec.cat\/zer-pedrera\/wp-json\/wp\/v2\/media?parent=4145"}],"wp:term":[{"taxonomy":"category","embeddable":true,"href":"https:\/\/agora.xtec.cat\/zer-pedrera\/wp-json\/wp\/v2\/categories?post=4145"},{"taxonomy":"post_tag","embeddable":true,"href":"https:\/\/agora.xtec.cat\/zer-pedrera\/wp-json\/wp\/v2\/tags?post=4145"}],"curies":[{"name":"wp","href":"https:\/\/api.w.org\/{rel}","templated":true}]}}